{"id":9800,"date":"2021-01-05T09:43:59","date_gmt":"2021-01-05T08:43:59","guid":{"rendered":"http:\/\/www.ecole-saintjoseph-mauleon.fr\/fr\/?p=9800"},"modified":"2021-01-05T11:17:22","modified_gmt":"2021-01-05T10:17:22","slug":"meilleurs-voeux-pour-2021","status":"publish","type":"post","link":"http:\/\/www.ecole-saintjoseph-mauleon.fr\/fr\/2021\/01\/05\/meilleurs-voeux-pour-2021\/","title":{"rendered":"Meilleurs v\u0153ux pour 2021 !"},"content":{"rendered":"<p>Toute l&rsquo;\u00e9quipe de l&rsquo;\u00e9cole Saint Joseph vous souhaite une belle ann\u00e9e 2021 !<\/p>\n<p><em><span class=\"ILfuVd\"><span class=\"hgKElc\">\u00ab\u00a0La vie est un d\u00e9fi \u00e0 relever, un bonheur \u00e0 m\u00e9riter, une aventure \u00e0 tenter.\u00a0\u00bb<\/span><\/span><\/em><\/p>\n<p>Citation de M\u00e8re Teresa.<\/p>\n<p><img loading=\"lazy\" decoding=\"async\" class=\"alignnone size-large wp-image-9802\" src=\"http:\/\/www.ecole-saintjoseph-mauleon.fr\/fr\/wp-content\/uploads\/2021\/01\/20201210_132452_001-COLLAGE-1024x1024.jpg\" alt=\"\" width=\"1024\" height=\"1024\" srcset=\"http:\/\/www.ecole-saintjoseph-mauleon.fr\/fr\/wp-content\/uploads\/2021\/01\/20201210_132452_001-COLLAGE-1024x1024.jpg 1024w, http:\/\/www.ecole-saintjoseph-mauleon.fr\/fr\/wp-content\/uploads\/2021\/01\/20201210_132452_001-COLLAGE-150x150.jpg 150w, http:\/\/www.ecole-saintjoseph-mauleon.fr\/fr\/wp-content\/uploads\/2021\/01\/20201210_132452_001-COLLAGE-300x300.jpg 300w, http:\/\/www.ecole-saintjoseph-mauleon.fr\/fr\/wp-content\/uploads\/2021\/01\/20201210_132452_001-COLLAGE-768x768.jpg 768w, http:\/\/www.ecole-saintjoseph-mauleon.fr\/fr\/wp-content\/uploads\/2021\/01\/20201210_132452_001-COLLAGE.jpg 1600w\" sizes=\"auto, (max-width: 1024px) 100vw, 1024px\" \/> <img loading=\"lazy\" decoding=\"async\" class=\"alignnone size-large wp-image-9803\" src=\"http:\/\/www.ecole-saintjoseph-mauleon.fr\/fr\/wp-content\/uploads\/2021\/01\/20201210_073834-COLLAGE-1024x1024.jpg\" alt=\"\" width=\"1024\" height=\"1024\" srcset=\"http:\/\/www.ecole-saintjoseph-mauleon.fr\/fr\/wp-content\/uploads\/2021\/01\/20201210_073834-COLLAGE-1024x1024.jpg 1024w, http:\/\/www.ecole-saintjoseph-mauleon.fr\/fr\/wp-content\/uploads\/2021\/01\/20201210_073834-COLLAGE-150x150.jpg 150w, http:\/\/www.ecole-saintjoseph-mauleon.fr\/fr\/wp-content\/uploads\/2021\/01\/20201210_073834-COLLAGE-300x300.jpg 300w, http:\/\/www.ecole-saintjoseph-mauleon.fr\/fr\/wp-content\/uploads\/2021\/01\/20201210_073834-COLLAGE-768x768.jpg 768w, http:\/\/www.ecole-saintjoseph-mauleon.fr\/fr\/wp-content\/uploads\/2021\/01\/20201210_073834-COLLAGE.jpg 1600w\" sizes=\"auto, (max-width: 1024px) 100vw, 1024px\" \/><img loading=\"lazy\" decoding=\"async\" class=\"alignnone size-full wp-image-9801\" src=\"http:\/\/www.ecole-saintjoseph-mauleon.fr\/fr\/wp-content\/uploads\/2021\/01\/CD228-1.jpg\" alt=\"\" width=\"1000\" height=\"1000\" srcset=\"http:\/\/www.ecole-saintjoseph-mauleon.fr\/fr\/wp-content\/uploads\/2021\/01\/CD228-1.jpg 1000w, http:\/\/www.ecole-saintjoseph-mauleon.fr\/fr\/wp-content\/uploads\/2021\/01\/CD228-1-150x150.jpg 150w, http:\/\/www.ecole-saintjoseph-mauleon.fr\/fr\/wp-content\/uploads\/2021\/01\/CD228-1-300x300.jpg 300w, http:\/\/www.ecole-saintjoseph-mauleon.fr\/fr\/wp-content\/uploads\/2021\/01\/CD228-1-768x768.jpg 768w\" sizes=\"auto, (max-width: 1000px) 100vw, 1000px\" \/><\/p>\n","protected":false},"excerpt":{"rendered":"<p>Toute l&rsquo;\u00e9quipe de l&rsquo;\u00e9cole Saint Joseph vous souhaite une belle ann\u00e9e 2021 ! \u00ab\u00a0La vie est un d\u00e9fi \u00e0 relever, un bonheur \u00e0 m\u00e9riter, une aventure \u00e0 tenter.\u00a0\u00bb Citation de M\u00e8re Teresa.<\/p>\n","protected":false},"author":5,"featured_media":9801,"comment_status":"closed","ping_status":"open","sticky":false,"template":"","format":"standard","meta":{"footnotes":""},"categories":[34],"tags":[],"class_list":["post-9800","post","type-post","status-publish","format-standard","has-post-thumbnail","hentry","category-viedelecole"],"_links":{"self":[{"href":"http:\/\/www.ecole-saintjoseph-mauleon.fr\/fr\/wp-json\/wp\/v2\/posts\/9800","targetHints":{"allow":["GET"]}}],"collection":[{"href":"http:\/\/www.ecole-saintjoseph-mauleon.fr\/fr\/wp-json\/wp\/v2\/posts"}],"about":[{"href":"http:\/\/www.ecole-saintjoseph-mauleon.fr\/fr\/wp-json\/wp\/v2\/types\/post"}],"author":[{"embeddable":true,"href":"http:\/\/www.ecole-saintjoseph-mauleon.fr\/fr\/wp-json\/wp\/v2\/users\/5"}],"replies":[{"embeddable":true,"href":"http:\/\/www.ecole-saintjoseph-mauleon.fr\/fr\/wp-json\/wp\/v2\/comments?post=9800"}],"version-history":[{"count":3,"href":"http:\/\/www.ecole-saintjoseph-mauleon.fr\/fr\/wp-json\/wp\/v2\/posts\/9800\/revisions"}],"predecessor-version":[{"id":9806,"href":"http:\/\/www.ecole-saintjoseph-mauleon.fr\/fr\/wp-json\/wp\/v2\/posts\/9800\/revisions\/9806"}],"wp:featuredmedia":[{"embeddable":true,"href":"http:\/\/www.ecole-saintjoseph-mauleon.fr\/fr\/wp-json\/wp\/v2\/media\/9801"}],"wp:attachment":[{"href":"http:\/\/www.ecole-saintjoseph-mauleon.fr\/fr\/wp-json\/wp\/v2\/media?parent=9800"}],"wp:term":[{"taxonomy":"category","embeddable":true,"href":"http:\/\/www.ecole-saintjoseph-mauleon.fr\/fr\/wp-json\/wp\/v2\/categories?post=9800"},{"taxonomy":"post_tag","embeddable":true,"href":"http:\/\/www.ecole-saintjoseph-mauleon.fr\/fr\/wp-json\/wp\/v2\/tags?post=9800"}],"curies":[{"name":"wp","href":"https:\/\/api.w.org\/{rel}","templated":true}]}}