{"id":9758,"date":"2020-12-11T17:25:50","date_gmt":"2020-12-11T16:25:50","guid":{"rendered":"http:\/\/www.ecole-saintjoseph-mauleon.fr\/fr\/?p=9758"},"modified":"2020-12-11T17:29:02","modified_gmt":"2020-12-11T16:29:02","slug":"premier-envoi-du-courrier-de-noel","status":"publish","type":"post","link":"http:\/\/www.ecole-saintjoseph-mauleon.fr\/fr\/2020\/12\/11\/premier-envoi-du-courrier-de-noel\/","title":{"rendered":"Premier envoi du courrier de No\u00ebl !"},"content":{"rendered":"<p>Premier envoi aujourd\u2019hui mardi 8 D\u00e9cembre !!!<\/p>\n<div dir=\"auto\">16 lettres sont parties vers le P\u00f4le nord direction l\u2019 atelier du P\u00e8re No\u00ebl <img decoding=\"async\" class=\"CToWUd\" src=\"https:\/\/mail.google.com\/mail\/e\/1f385\" alt=\"&#x1f385;\" data-goomoji=\"1f385\" data-image-whitelisted=\"\" \/><\/div>\n<div dir=\"auto\">Merci les CP<\/div>\n<div dir=\"auto\">Prochain d\u00e9part vendredi puis mardi 15<\/div>\n<div dir=\"auto\">Alors \u00e0 vos crayons <img decoding=\"async\" class=\"CToWUd\" src=\"https:\/\/mail.google.com\/mail\/e\/1f58d\" alt=\"&#x1f58d;\" data-goomoji=\"1f58d\" data-image-whitelisted=\"\" \/><\/div>\n<div dir=\"auto\"><img loading=\"lazy\" decoding=\"async\" class=\"alignnone size-large wp-image-9759\" src=\"http:\/\/www.ecole-saintjoseph-mauleon.fr\/fr\/wp-content\/uploads\/2020\/12\/IMG_26091-1024x768.jpg\" alt=\"\" width=\"1024\" height=\"768\" srcset=\"http:\/\/www.ecole-saintjoseph-mauleon.fr\/fr\/wp-content\/uploads\/2020\/12\/IMG_26091-1024x768.jpg 1024w, http:\/\/www.ecole-saintjoseph-mauleon.fr\/fr\/wp-content\/uploads\/2020\/12\/IMG_26091-300x225.jpg 300w, http:\/\/www.ecole-saintjoseph-mauleon.fr\/fr\/wp-content\/uploads\/2020\/12\/IMG_26091-768x576.jpg 768w\" sizes=\"auto, (max-width: 1024px) 100vw, 1024px\" \/> <img loading=\"lazy\" decoding=\"async\" class=\"alignnone size-large wp-image-9760\" src=\"http:\/\/www.ecole-saintjoseph-mauleon.fr\/fr\/wp-content\/uploads\/2020\/12\/IMG_26111-1024x768.jpg\" alt=\"\" width=\"1024\" height=\"768\" srcset=\"http:\/\/www.ecole-saintjoseph-mauleon.fr\/fr\/wp-content\/uploads\/2020\/12\/IMG_26111-1024x768.jpg 1024w, http:\/\/www.ecole-saintjoseph-mauleon.fr\/fr\/wp-content\/uploads\/2020\/12\/IMG_26111-300x225.jpg 300w, http:\/\/www.ecole-saintjoseph-mauleon.fr\/fr\/wp-content\/uploads\/2020\/12\/IMG_26111-768x576.jpg 768w, http:\/\/www.ecole-saintjoseph-mauleon.fr\/fr\/wp-content\/uploads\/2020\/12\/IMG_26111.jpg 1600w\" sizes=\"auto, (max-width: 1024px) 100vw, 1024px\" \/><\/div>\n","protected":false},"excerpt":{"rendered":"<p>Premier envoi aujourd\u2019hui mardi 8 D\u00e9cembre !!! 16 lettres sont parties vers le P\u00f4le nord direction l\u2019 atelier du P\u00e8re No\u00ebl Merci les CP Prochain d\u00e9part vendredi puis mardi 15 Alors \u00e0 vos crayons<\/p>\n","protected":false},"author":5,"featured_media":9760,"comment_status":"closed","ping_status":"open","sticky":false,"template":"","format":"standard","meta":{"footnotes":""},"categories":[1],"tags":[],"class_list":["post-9758","post","type-post","status-publish","format-standard","has-post-thumbnail","hentry","category-non-classe"],"_links":{"self":[{"href":"http:\/\/www.ecole-saintjoseph-mauleon.fr\/fr\/wp-json\/wp\/v2\/posts\/9758","targetHints":{"allow":["GET"]}}],"collection":[{"href":"http:\/\/www.ecole-saintjoseph-mauleon.fr\/fr\/wp-json\/wp\/v2\/posts"}],"about":[{"href":"http:\/\/www.ecole-saintjoseph-mauleon.fr\/fr\/wp-json\/wp\/v2\/types\/post"}],"author":[{"embeddable":true,"href":"http:\/\/www.ecole-saintjoseph-mauleon.fr\/fr\/wp-json\/wp\/v2\/users\/5"}],"replies":[{"embeddable":true,"href":"http:\/\/www.ecole-saintjoseph-mauleon.fr\/fr\/wp-json\/wp\/v2\/comments?post=9758"}],"version-history":[{"count":1,"href":"http:\/\/www.ecole-saintjoseph-mauleon.fr\/fr\/wp-json\/wp\/v2\/posts\/9758\/revisions"}],"predecessor-version":[{"id":9761,"href":"http:\/\/www.ecole-saintjoseph-mauleon.fr\/fr\/wp-json\/wp\/v2\/posts\/9758\/revisions\/9761"}],"wp:featuredmedia":[{"embeddable":true,"href":"http:\/\/www.ecole-saintjoseph-mauleon.fr\/fr\/wp-json\/wp\/v2\/media\/9760"}],"wp:attachment":[{"href":"http:\/\/www.ecole-saintjoseph-mauleon.fr\/fr\/wp-json\/wp\/v2\/media?parent=9758"}],"wp:term":[{"taxonomy":"category","embeddable":true,"href":"http:\/\/www.ecole-saintjoseph-mauleon.fr\/fr\/wp-json\/wp\/v2\/categories?post=9758"},{"taxonomy":"post_tag","embeddable":true,"href":"http:\/\/www.ecole-saintjoseph-mauleon.fr\/fr\/wp-json\/wp\/v2\/tags?post=9758"}],"curies":[{"name":"wp","href":"https:\/\/api.w.org\/{rel}","templated":true}]}}