{"id":9746,"date":"2020-12-07T14:38:42","date_gmt":"2020-12-07T13:38:42","guid":{"rendered":"http:\/\/www.ecole-saintjoseph-mauleon.fr\/fr\/?p=9746"},"modified":"2020-12-07T14:38:42","modified_gmt":"2020-12-07T13:38:42","slug":"des-vitraux-pour-noel","status":"publish","type":"post","link":"http:\/\/www.ecole-saintjoseph-mauleon.fr\/fr\/2020\/12\/07\/des-vitraux-pour-noel\/","title":{"rendered":"Des vitraux pour No\u00ebl"},"content":{"rendered":"<p>C&rsquo;est bient\u00f4t No\u00ebl !<\/p>\n<p>C&rsquo;est une grande f\u00eate pour nous, les Chr\u00e9tiens !<\/p>\n<p>De la Petite Section au CM2, l&rsquo;ensemble des \u00e9l\u00e8ves de l&rsquo;\u00e9cole Saint Joseph ont colori\u00e9 du papier calque afin de r\u00e9aliser des \u0153uvres repr\u00e9sentant les diff\u00e9rentes sc\u00e8nes avant la naissance de J\u00e9sus.<\/p>\n<p>De l&rsquo;annonciation, aux rois mages, vous pourrez admirer leurs \u0153uvres sur les vitres de l&rsquo;\u00e9cole Saint Joseph, le long du jardinet de l&rsquo;\u00e9cole, situ\u00e9 2 rue Saint Gabriel.<\/p>\n<p>De plus, de 17h30 \u00e0 22h, et de 6h \u00e0 8h, les vitraux seront \u00e9clair\u00e9s de l&rsquo;\u00e9cole&#8230;!<\/p>\n<p>Venez vous promener autour de l&rsquo;\u00e9cole et admirer nos \u0153uvres !<\/p>\n<p><img loading=\"lazy\" decoding=\"async\" class=\"alignnone size-large wp-image-9747\" src=\"http:\/\/www.ecole-saintjoseph-mauleon.fr\/fr\/wp-content\/uploads\/2020\/12\/IMG_2547-1024x768.jpg\" alt=\"\" width=\"1024\" height=\"768\" srcset=\"http:\/\/www.ecole-saintjoseph-mauleon.fr\/fr\/wp-content\/uploads\/2020\/12\/IMG_2547-1024x768.jpg 1024w, http:\/\/www.ecole-saintjoseph-mauleon.fr\/fr\/wp-content\/uploads\/2020\/12\/IMG_2547-300x225.jpg 300w, http:\/\/www.ecole-saintjoseph-mauleon.fr\/fr\/wp-content\/uploads\/2020\/12\/IMG_2547-768x576.jpg 768w, http:\/\/www.ecole-saintjoseph-mauleon.fr\/fr\/wp-content\/uploads\/2020\/12\/IMG_2547.jpg 1600w\" sizes=\"auto, (max-width: 1024px) 100vw, 1024px\" \/> <img loading=\"lazy\" decoding=\"async\" class=\"alignnone size-large wp-image-9748\" src=\"http:\/\/www.ecole-saintjoseph-mauleon.fr\/fr\/wp-content\/uploads\/2020\/12\/IMG_2586-1024x1024.jpg\" alt=\"\" width=\"1024\" height=\"1024\" srcset=\"http:\/\/www.ecole-saintjoseph-mauleon.fr\/fr\/wp-content\/uploads\/2020\/12\/IMG_2586-1024x1024.jpg 1024w, http:\/\/www.ecole-saintjoseph-mauleon.fr\/fr\/wp-content\/uploads\/2020\/12\/IMG_2586-150x150.jpg 150w, http:\/\/www.ecole-saintjoseph-mauleon.fr\/fr\/wp-content\/uploads\/2020\/12\/IMG_2586-300x300.jpg 300w, http:\/\/www.ecole-saintjoseph-mauleon.fr\/fr\/wp-content\/uploads\/2020\/12\/IMG_2586-768x768.jpg 768w, http:\/\/www.ecole-saintjoseph-mauleon.fr\/fr\/wp-content\/uploads\/2020\/12\/IMG_2586.jpg 1600w\" sizes=\"auto, (max-width: 1024px) 100vw, 1024px\" \/> <img loading=\"lazy\" decoding=\"async\" class=\"alignnone size-large wp-image-9749\" src=\"http:\/\/www.ecole-saintjoseph-mauleon.fr\/fr\/wp-content\/uploads\/2020\/12\/IMG_2561-1024x768.jpg\" alt=\"\" width=\"1024\" height=\"768\" srcset=\"http:\/\/www.ecole-saintjoseph-mauleon.fr\/fr\/wp-content\/uploads\/2020\/12\/IMG_2561-1024x768.jpg 1024w, http:\/\/www.ecole-saintjoseph-mauleon.fr\/fr\/wp-content\/uploads\/2020\/12\/IMG_2561-300x225.jpg 300w, http:\/\/www.ecole-saintjoseph-mauleon.fr\/fr\/wp-content\/uploads\/2020\/12\/IMG_2561-768x576.jpg 768w\" sizes=\"auto, (max-width: 1024px) 100vw, 1024px\" \/> <img loading=\"lazy\" decoding=\"async\" class=\"alignnone size-large wp-image-9750\" src=\"http:\/\/www.ecole-saintjoseph-mauleon.fr\/fr\/wp-content\/uploads\/2020\/12\/IMG_2554-1024x768.jpg\" alt=\"\" width=\"1024\" height=\"768\" srcset=\"http:\/\/www.ecole-saintjoseph-mauleon.fr\/fr\/wp-content\/uploads\/2020\/12\/IMG_2554-1024x768.jpg 1024w, http:\/\/www.ecole-saintjoseph-mauleon.fr\/fr\/wp-content\/uploads\/2020\/12\/IMG_2554-300x225.jpg 300w, http:\/\/www.ecole-saintjoseph-mauleon.fr\/fr\/wp-content\/uploads\/2020\/12\/IMG_2554-768x576.jpg 768w\" sizes=\"auto, (max-width: 1024px) 100vw, 1024px\" \/> <img loading=\"lazy\" decoding=\"async\" class=\"alignnone size-large wp-image-9751\" src=\"http:\/\/www.ecole-saintjoseph-mauleon.fr\/fr\/wp-content\/uploads\/2020\/12\/IMG_2545-1024x768.jpg\" alt=\"\" width=\"1024\" height=\"768\" srcset=\"http:\/\/www.ecole-saintjoseph-mauleon.fr\/fr\/wp-content\/uploads\/2020\/12\/IMG_2545-1024x768.jpg 1024w, http:\/\/www.ecole-saintjoseph-mauleon.fr\/fr\/wp-content\/uploads\/2020\/12\/IMG_2545-300x225.jpg 300w, http:\/\/www.ecole-saintjoseph-mauleon.fr\/fr\/wp-content\/uploads\/2020\/12\/IMG_2545-768x576.jpg 768w, http:\/\/www.ecole-saintjoseph-mauleon.fr\/fr\/wp-content\/uploads\/2020\/12\/IMG_2545.jpg 1600w\" sizes=\"auto, (max-width: 1024px) 100vw, 1024px\" \/><\/p>\n","protected":false},"excerpt":{"rendered":"<p>C&rsquo;est bient\u00f4t No\u00ebl ! C&rsquo;est une grande f\u00eate pour nous, les Chr\u00e9tiens ! De la Petite Section au CM2, l&rsquo;ensemble des \u00e9l\u00e8ves de l&rsquo;\u00e9cole Saint Joseph ont colori\u00e9 du papier calque afin de r\u00e9aliser des \u0153uvres repr\u00e9sentant les diff\u00e9rentes sc\u00e8nes avant la naissance de J\u00e9sus. De l&rsquo;annonciation, aux rois mages, vous pourrez admirer leurs \u0153uvres&hellip;<\/p>\n","protected":false},"author":5,"featured_media":9747,"comment_status":"closed","ping_status":"open","sticky":false,"template":"","format":"standard","meta":{"footnotes":""},"categories":[34],"tags":[],"class_list":["post-9746","post","type-post","status-publish","format-standard","has-post-thumbnail","hentry","category-viedelecole"],"_links":{"self":[{"href":"http:\/\/www.ecole-saintjoseph-mauleon.fr\/fr\/wp-json\/wp\/v2\/posts\/9746","targetHints":{"allow":["GET"]}}],"collection":[{"href":"http:\/\/www.ecole-saintjoseph-mauleon.fr\/fr\/wp-json\/wp\/v2\/posts"}],"about":[{"href":"http:\/\/www.ecole-saintjoseph-mauleon.fr\/fr\/wp-json\/wp\/v2\/types\/post"}],"author":[{"embeddable":true,"href":"http:\/\/www.ecole-saintjoseph-mauleon.fr\/fr\/wp-json\/wp\/v2\/users\/5"}],"replies":[{"embeddable":true,"href":"http:\/\/www.ecole-saintjoseph-mauleon.fr\/fr\/wp-json\/wp\/v2\/comments?post=9746"}],"version-history":[{"count":1,"href":"http:\/\/www.ecole-saintjoseph-mauleon.fr\/fr\/wp-json\/wp\/v2\/posts\/9746\/revisions"}],"predecessor-version":[{"id":9752,"href":"http:\/\/www.ecole-saintjoseph-mauleon.fr\/fr\/wp-json\/wp\/v2\/posts\/9746\/revisions\/9752"}],"wp:featuredmedia":[{"embeddable":true,"href":"http:\/\/www.ecole-saintjoseph-mauleon.fr\/fr\/wp-json\/wp\/v2\/media\/9747"}],"wp:attachment":[{"href":"http:\/\/www.ecole-saintjoseph-mauleon.fr\/fr\/wp-json\/wp\/v2\/media?parent=9746"}],"wp:term":[{"taxonomy":"category","embeddable":true,"href":"http:\/\/www.ecole-saintjoseph-mauleon.fr\/fr\/wp-json\/wp\/v2\/categories?post=9746"},{"taxonomy":"post_tag","embeddable":true,"href":"http:\/\/www.ecole-saintjoseph-mauleon.fr\/fr\/wp-json\/wp\/v2\/tags?post=9746"}],"curies":[{"name":"wp","href":"https:\/\/api.w.org\/{rel}","templated":true}]}}