{"id":9449,"date":"2020-09-16T07:08:47","date_gmt":"2020-09-16T05:08:47","guid":{"rendered":"http:\/\/www.ecole-saintjoseph-mauleon.fr\/fr\/?p=9449"},"modified":"2020-09-16T07:08:47","modified_gmt":"2020-09-16T05:08:47","slug":"article-nouvelle-republique-mardi-15-septembre-2020","status":"publish","type":"post","link":"http:\/\/www.ecole-saintjoseph-mauleon.fr\/fr\/2020\/09\/16\/article-nouvelle-republique-mardi-15-septembre-2020\/","title":{"rendered":"Article Nouvelle R\u00e9publique &#8211; Mardi 15 Septembre 2020"},"content":{"rendered":"<p><em>C\u2019est sous la direction d\u2019Adeline Aubineau Fradin que l\u2019\u00e9cole Saint-Joseph a repris son rythme de croisi\u00e8re pour cette rentr\u00e9e scolaire qui va accueillir 195 \u00e9l\u00e8ves.<\/em><br \/>\n<em>Ces effectifs en l\u00e9g\u00e8re augmentation sont r\u00e9partis en huit classes de la petite section au CM2 avec une \u00e9quipe \u00e9ducative compos\u00e9e de 11 enseignantes\u00a0dont deux nouvelles (Val\u00e9rie Raffin et Sandra Bichon) et 8 personnels Ogec (aide-maternelle, agent de restauration, garderie, entretien des locaux, etc.).<\/em><br \/>\n<em>Comme dans plusieurs \u00e9tablissements du Bocage, le projet p\u00e9dagogique portera sur la nature\u00a0: faune et flore, classe \u00e0 l\u2019ext\u00e9rieur, \u00e9levage d\u2019animaux, respect de la nature, fabrication d\u2019un herbier d\u2019\u00e9cole, d\u00e9veloppement durable, \u00e9cologie, etc. \u00ab\u00a0L\u2019\u00e9pid\u00e9mie de Covid-19\u00a0ne doit pas nous emp\u00eacher de vivre nos projets en tant qu\u2019\u00e9coliers insouciants, pr\u00e9cise la directrice. De plus, l\u2019\u00e9cologie est malmen\u00e9e avec le protocole sanitaire (serviettes en papier, gel, masques jetables). Ce projet sur la nature, la faune et les petites b\u00eates qui nous entourent nous para\u00eet comme une \u00e9vidence.\u00a0\u00bb<\/em><\/p>\n","protected":false},"excerpt":{"rendered":"<p>C\u2019est sous la direction d\u2019Adeline Aubineau Fradin que l\u2019\u00e9cole Saint-Joseph a repris son rythme de croisi\u00e8re pour cette rentr\u00e9e scolaire qui va accueillir 195 \u00e9l\u00e8ves. Ces effectifs en l\u00e9g\u00e8re augmentation sont r\u00e9partis en huit classes de la petite section au CM2 avec une \u00e9quipe \u00e9ducative compos\u00e9e de 11 enseignantes\u00a0dont deux nouvelles (Val\u00e9rie Raffin et Sandra&hellip;<\/p>\n","protected":false},"author":5,"featured_media":9450,"comment_status":"closed","ping_status":"open","sticky":false,"template":"","format":"standard","meta":{"footnotes":""},"categories":[34],"tags":[],"class_list":["post-9449","post","type-post","status-publish","format-standard","has-post-thumbnail","hentry","category-viedelecole"],"_links":{"self":[{"href":"http:\/\/www.ecole-saintjoseph-mauleon.fr\/fr\/wp-json\/wp\/v2\/posts\/9449","targetHints":{"allow":["GET"]}}],"collection":[{"href":"http:\/\/www.ecole-saintjoseph-mauleon.fr\/fr\/wp-json\/wp\/v2\/posts"}],"about":[{"href":"http:\/\/www.ecole-saintjoseph-mauleon.fr\/fr\/wp-json\/wp\/v2\/types\/post"}],"author":[{"embeddable":true,"href":"http:\/\/www.ecole-saintjoseph-mauleon.fr\/fr\/wp-json\/wp\/v2\/users\/5"}],"replies":[{"embeddable":true,"href":"http:\/\/www.ecole-saintjoseph-mauleon.fr\/fr\/wp-json\/wp\/v2\/comments?post=9449"}],"version-history":[{"count":1,"href":"http:\/\/www.ecole-saintjoseph-mauleon.fr\/fr\/wp-json\/wp\/v2\/posts\/9449\/revisions"}],"predecessor-version":[{"id":9451,"href":"http:\/\/www.ecole-saintjoseph-mauleon.fr\/fr\/wp-json\/wp\/v2\/posts\/9449\/revisions\/9451"}],"wp:featuredmedia":[{"embeddable":true,"href":"http:\/\/www.ecole-saintjoseph-mauleon.fr\/fr\/wp-json\/wp\/v2\/media\/9450"}],"wp:attachment":[{"href":"http:\/\/www.ecole-saintjoseph-mauleon.fr\/fr\/wp-json\/wp\/v2\/media?parent=9449"}],"wp:term":[{"taxonomy":"category","embeddable":true,"href":"http:\/\/www.ecole-saintjoseph-mauleon.fr\/fr\/wp-json\/wp\/v2\/categories?post=9449"},{"taxonomy":"post_tag","embeddable":true,"href":"http:\/\/www.ecole-saintjoseph-mauleon.fr\/fr\/wp-json\/wp\/v2\/tags?post=9449"}],"curies":[{"name":"wp","href":"https:\/\/api.w.org\/{rel}","templated":true}]}}