{"id":9419,"date":"2020-09-03T17:30:42","date_gmt":"2020-09-03T15:30:42","guid":{"rendered":"http:\/\/www.ecole-saintjoseph-mauleon.fr\/fr\/?p=9419"},"modified":"2020-09-04T11:51:43","modified_gmt":"2020-09-04T09:51:43","slug":"equipe-enseignante-2020-2021","status":"publish","type":"post","link":"http:\/\/www.ecole-saintjoseph-mauleon.fr\/fr\/2020\/09\/03\/equipe-enseignante-2020-2021\/","title":{"rendered":"\u00c9quipe enseignante 2020-2021"},"content":{"rendered":"<p>L&rsquo;\u00e9quipe enseignante de l&rsquo;\u00e9cole Saint Joseph souhaite une belle rentr\u00e9e \u00e0 l&rsquo;ensemble des \u00e9l\u00e8ves et \u00e0 leur famille !<\/p>\n<p>&nbsp;<\/p>\n<p><img loading=\"lazy\" decoding=\"async\" class=\"alignnone size-large wp-image-9420\" src=\"http:\/\/www.ecole-saintjoseph-mauleon.fr\/fr\/wp-content\/uploads\/2020\/09\/IMG-1542-1024x768.jpg\" alt=\"\" width=\"1024\" height=\"768\" srcset=\"http:\/\/www.ecole-saintjoseph-mauleon.fr\/fr\/wp-content\/uploads\/2020\/09\/IMG-1542-1024x768.jpg 1024w, http:\/\/www.ecole-saintjoseph-mauleon.fr\/fr\/wp-content\/uploads\/2020\/09\/IMG-1542-300x225.jpg 300w, http:\/\/www.ecole-saintjoseph-mauleon.fr\/fr\/wp-content\/uploads\/2020\/09\/IMG-1542-768x576.jpg 768w, http:\/\/www.ecole-saintjoseph-mauleon.fr\/fr\/wp-content\/uploads\/2020\/09\/IMG-1542.jpg 1600w\" sizes=\"auto, (max-width: 1024px) 100vw, 1024px\" \/><\/p>\n<p>Absentes de la photo :<\/p>\n<ul>\n<li>Marie-Claude MARSAULT, enseignante AESH<\/li>\n<li>Manuella DRAPEAU, enseignante MS<\/li>\n<\/ul>\n","protected":false},"excerpt":{"rendered":"<p>L&rsquo;\u00e9quipe enseignante de l&rsquo;\u00e9cole Saint Joseph souhaite une belle rentr\u00e9e \u00e0 l&rsquo;ensemble des \u00e9l\u00e8ves et \u00e0 leur famille ! &nbsp; Absentes de la photo : Marie-Claude MARSAULT, enseignante AESH Manuella DRAPEAU, enseignante MS<\/p>\n","protected":false},"author":5,"featured_media":9420,"comment_status":"closed","ping_status":"open","sticky":false,"template":"","format":"standard","meta":{"footnotes":""},"categories":[34],"tags":[],"class_list":["post-9419","post","type-post","status-publish","format-standard","has-post-thumbnail","hentry","category-viedelecole"],"_links":{"self":[{"href":"http:\/\/www.ecole-saintjoseph-mauleon.fr\/fr\/wp-json\/wp\/v2\/posts\/9419","targetHints":{"allow":["GET"]}}],"collection":[{"href":"http:\/\/www.ecole-saintjoseph-mauleon.fr\/fr\/wp-json\/wp\/v2\/posts"}],"about":[{"href":"http:\/\/www.ecole-saintjoseph-mauleon.fr\/fr\/wp-json\/wp\/v2\/types\/post"}],"author":[{"embeddable":true,"href":"http:\/\/www.ecole-saintjoseph-mauleon.fr\/fr\/wp-json\/wp\/v2\/users\/5"}],"replies":[{"embeddable":true,"href":"http:\/\/www.ecole-saintjoseph-mauleon.fr\/fr\/wp-json\/wp\/v2\/comments?post=9419"}],"version-history":[{"count":2,"href":"http:\/\/www.ecole-saintjoseph-mauleon.fr\/fr\/wp-json\/wp\/v2\/posts\/9419\/revisions"}],"predecessor-version":[{"id":9423,"href":"http:\/\/www.ecole-saintjoseph-mauleon.fr\/fr\/wp-json\/wp\/v2\/posts\/9419\/revisions\/9423"}],"wp:featuredmedia":[{"embeddable":true,"href":"http:\/\/www.ecole-saintjoseph-mauleon.fr\/fr\/wp-json\/wp\/v2\/media\/9420"}],"wp:attachment":[{"href":"http:\/\/www.ecole-saintjoseph-mauleon.fr\/fr\/wp-json\/wp\/v2\/media?parent=9419"}],"wp:term":[{"taxonomy":"category","embeddable":true,"href":"http:\/\/www.ecole-saintjoseph-mauleon.fr\/fr\/wp-json\/wp\/v2\/categories?post=9419"},{"taxonomy":"post_tag","embeddable":true,"href":"http:\/\/www.ecole-saintjoseph-mauleon.fr\/fr\/wp-json\/wp\/v2\/tags?post=9419"}],"curies":[{"name":"wp","href":"https:\/\/api.w.org\/{rel}","templated":true}]}}