{"id":9012,"date":"2020-02-26T16:41:33","date_gmt":"2020-02-26T15:41:33","guid":{"rendered":"http:\/\/www.ecole-saintjoseph-mauleon.fr\/fr\/?p=9012"},"modified":"2020-02-26T16:41:33","modified_gmt":"2020-02-26T15:41:33","slug":"et-les-gagnants-du-concours-de-dessin-sont","status":"publish","type":"post","link":"http:\/\/www.ecole-saintjoseph-mauleon.fr\/fr\/2020\/02\/26\/et-les-gagnants-du-concours-de-dessin-sont\/","title":{"rendered":"Et les gagnants du concours de dessin sont&#8230;"},"content":{"rendered":"<p>Pour illustrer notre recueil de po\u00e9sie, un concours de dessin a \u00e9t\u00e9 organis\u00e9 \u00e0 l&rsquo;\u00e9cole Saint Joseph, de la Petite Section au CM2.<\/p>\n<p>Les vainqueurs sont :<\/p>\n<ul>\n<li>Missia pour la cat\u00e9gorie \u00ab\u00a0dessin de maternelle\u00a0\u00bb<\/li>\n<li>Paul F. pour la cat\u00e9gorie \u00ab\u00a0dessin de l&rsquo;\u00e9l\u00e9mentaire\u00a0\u00bb<\/li>\n<\/ul>\n<p>BRAVO \u00e0 eux !<\/p>\n<div id=\"attachment_9013\" style=\"width: 385px\" class=\"wp-caption alignright\"><img loading=\"lazy\" decoding=\"async\" aria-describedby=\"caption-attachment-9013\" class=\"wp-image-9013 \" src=\"http:\/\/www.ecole-saintjoseph-mauleon.fr\/fr\/wp-content\/uploads\/2020\/02\/Po\u00e9sie-Maternelle.png\" alt=\"\" width=\"375\" height=\"532\" \/><p id=\"caption-attachment-9013\" class=\"wp-caption-text\">Dessin de Missia, MS<\/p><\/div>\n<div id=\"attachment_9014\" style=\"width: 553px\" class=\"wp-caption alignnone\"><img loading=\"lazy\" decoding=\"async\" aria-describedby=\"caption-attachment-9014\" class=\"wp-image-9014 size-full\" src=\"http:\/\/www.ecole-saintjoseph-mauleon.fr\/fr\/wp-content\/uploads\/2020\/02\/po\u00e9sie.png\" alt=\"\" width=\"543\" height=\"767\" srcset=\"http:\/\/www.ecole-saintjoseph-mauleon.fr\/fr\/wp-content\/uploads\/2020\/02\/po\u00e9sie.png 543w, http:\/\/www.ecole-saintjoseph-mauleon.fr\/fr\/wp-content\/uploads\/2020\/02\/po\u00e9sie-212x300.png 212w\" sizes=\"auto, (max-width: 543px) 100vw, 543px\" \/><p id=\"caption-attachment-9014\" class=\"wp-caption-text\">Dessin de Paul F., CE2<\/p><\/div>\n","protected":false},"excerpt":{"rendered":"<p>Pour illustrer notre recueil de po\u00e9sie, un concours de dessin a \u00e9t\u00e9 organis\u00e9 \u00e0 l&rsquo;\u00e9cole Saint Joseph, de la Petite Section au CM2. Les vainqueurs sont : Missia pour la cat\u00e9gorie \u00ab\u00a0dessin de maternelle\u00a0\u00bb Paul F. pour la cat\u00e9gorie \u00ab\u00a0dessin de l&rsquo;\u00e9l\u00e9mentaire\u00a0\u00bb BRAVO \u00e0 eux !<\/p>\n","protected":false},"author":5,"featured_media":9014,"comment_status":"closed","ping_status":"open","sticky":false,"template":"","format":"standard","meta":{"footnotes":""},"categories":[34],"tags":[],"class_list":["post-9012","post","type-post","status-publish","format-standard","has-post-thumbnail","hentry","category-viedelecole"],"_links":{"self":[{"href":"http:\/\/www.ecole-saintjoseph-mauleon.fr\/fr\/wp-json\/wp\/v2\/posts\/9012","targetHints":{"allow":["GET"]}}],"collection":[{"href":"http:\/\/www.ecole-saintjoseph-mauleon.fr\/fr\/wp-json\/wp\/v2\/posts"}],"about":[{"href":"http:\/\/www.ecole-saintjoseph-mauleon.fr\/fr\/wp-json\/wp\/v2\/types\/post"}],"author":[{"embeddable":true,"href":"http:\/\/www.ecole-saintjoseph-mauleon.fr\/fr\/wp-json\/wp\/v2\/users\/5"}],"replies":[{"embeddable":true,"href":"http:\/\/www.ecole-saintjoseph-mauleon.fr\/fr\/wp-json\/wp\/v2\/comments?post=9012"}],"version-history":[{"count":1,"href":"http:\/\/www.ecole-saintjoseph-mauleon.fr\/fr\/wp-json\/wp\/v2\/posts\/9012\/revisions"}],"predecessor-version":[{"id":9015,"href":"http:\/\/www.ecole-saintjoseph-mauleon.fr\/fr\/wp-json\/wp\/v2\/posts\/9012\/revisions\/9015"}],"wp:featuredmedia":[{"embeddable":true,"href":"http:\/\/www.ecole-saintjoseph-mauleon.fr\/fr\/wp-json\/wp\/v2\/media\/9014"}],"wp:attachment":[{"href":"http:\/\/www.ecole-saintjoseph-mauleon.fr\/fr\/wp-json\/wp\/v2\/media?parent=9012"}],"wp:term":[{"taxonomy":"category","embeddable":true,"href":"http:\/\/www.ecole-saintjoseph-mauleon.fr\/fr\/wp-json\/wp\/v2\/categories?post=9012"},{"taxonomy":"post_tag","embeddable":true,"href":"http:\/\/www.ecole-saintjoseph-mauleon.fr\/fr\/wp-json\/wp\/v2\/tags?post=9012"}],"curies":[{"name":"wp","href":"https:\/\/api.w.org\/{rel}","templated":true}]}}