{"id":8174,"date":"2019-08-13T14:33:29","date_gmt":"2019-08-13T12:33:29","guid":{"rendered":"http:\/\/www.ecole-saintjoseph-mauleon.fr\/fr\/?p=8174"},"modified":"2019-09-07T15:46:30","modified_gmt":"2019-09-07T13:46:30","slug":"suite-des-travaux-dagrandissement-de-lecole","status":"publish","type":"post","link":"http:\/\/www.ecole-saintjoseph-mauleon.fr\/fr\/2019\/08\/13\/suite-des-travaux-dagrandissement-de-lecole\/","title":{"rendered":"Suite des travaux d&rsquo;agrandissement de l&rsquo;\u00e9cole"},"content":{"rendered":"<p>En ce mois d&rsquo;Ao\u00fbt 2019, les travaux ont bien avanc\u00e9&#8230; La ma\u00e7onnerie est presque termin\u00e9e.<\/p>\n<p>Suite des travaux fin Ao\u00fbt avec la pose de la charpente et la construction du nouveau pr\u00e9au !<\/p>\n\n\t\t<style type=\"text\/css\">\n\t\t\t#gallery-1 {\n\t\t\t\tmargin: auto;\n\t\t\t}\n\t\t\t#gallery-1 .gallery-item {\n\t\t\t\tfloat: left;\n\t\t\t\tmargin-top: 10px;\n\t\t\t\ttext-align: center;\n\t\t\t\twidth: 100%;\n\t\t\t}\n\t\t\t#gallery-1 img {\n\t\t\t\tborder: 2px solid #cfcfcf;\n\t\t\t}\n\t\t\t#gallery-1 .gallery-caption {\n\t\t\t\tmargin-left: 0;\n\t\t\t}\n\t\t\t\/* see gallery_shortcode() in wp-includes\/media.php *\/\n\t\t<\/style>\n\t\t<div id='gallery-1' class='gallery galleryid-8174 gallery-columns-1 gallery-size-full'><dl class='gallery-item'>\n\t\t\t<dt class='gallery-icon portrait'>\n\t\t\t\t<a href='http:\/\/www.ecole-saintjoseph-mauleon.fr\/fr\/2019\/08\/13\/suite-des-travaux-dagrandissement-de-lecole\/img_8507\/'><img loading=\"lazy\" decoding=\"async\" width=\"1200\" height=\"1600\" src=\"http:\/\/www.ecole-saintjoseph-mauleon.fr\/fr\/wp-content\/uploads\/2019\/08\/IMG_8507-e1565699549146.jpg\" class=\"attachment-full size-full\" alt=\"\" srcset=\"http:\/\/www.ecole-saintjoseph-mauleon.fr\/fr\/wp-content\/uploads\/2019\/08\/IMG_8507-e1565699549146.jpg 1200w, http:\/\/www.ecole-saintjoseph-mauleon.fr\/fr\/wp-content\/uploads\/2019\/08\/IMG_8507-e1565699549146-225x300.jpg 225w, http:\/\/www.ecole-saintjoseph-mauleon.fr\/fr\/wp-content\/uploads\/2019\/08\/IMG_8507-e1565699549146-768x1024.jpg 768w\" sizes=\"auto, (max-width: 1200px) 100vw, 1200px\" \/><\/a>\n\t\t\t<\/dt><\/dl><br style=\"clear: both\" \/><dl class='gallery-item'>\n\t\t\t<dt class='gallery-icon portrait'>\n\t\t\t\t<a href='http:\/\/www.ecole-saintjoseph-mauleon.fr\/fr\/2019\/08\/13\/suite-des-travaux-dagrandissement-de-lecole\/img_8508\/'><img loading=\"lazy\" decoding=\"async\" width=\"1200\" height=\"1600\" src=\"http:\/\/www.ecole-saintjoseph-mauleon.fr\/fr\/wp-content\/uploads\/2019\/08\/IMG_8508-e1565699565111.jpg\" class=\"attachment-full size-full\" alt=\"\" srcset=\"http:\/\/www.ecole-saintjoseph-mauleon.fr\/fr\/wp-content\/uploads\/2019\/08\/IMG_8508-e1565699565111.jpg 1200w, http:\/\/www.ecole-saintjoseph-mauleon.fr\/fr\/wp-content\/uploads\/2019\/08\/IMG_8508-e1565699565111-225x300.jpg 225w, http:\/\/www.ecole-saintjoseph-mauleon.fr\/fr\/wp-content\/uploads\/2019\/08\/IMG_8508-e1565699565111-768x1024.jpg 768w\" sizes=\"auto, (max-width: 1200px) 100vw, 1200px\" \/><\/a>\n\t\t\t<\/dt><\/dl><br style=\"clear: both\" \/><dl class='gallery-item'>\n\t\t\t<dt class='gallery-icon landscape'>\n\t\t\t\t<a href='http:\/\/www.ecole-saintjoseph-mauleon.fr\/fr\/2019\/08\/13\/suite-des-travaux-dagrandissement-de-lecole\/img_8513\/'><img loading=\"lazy\" decoding=\"async\" width=\"1600\" height=\"1200\" src=\"http:\/\/www.ecole-saintjoseph-mauleon.fr\/fr\/wp-content\/uploads\/2019\/08\/IMG_8513.jpg\" class=\"attachment-full size-full\" alt=\"\" srcset=\"http:\/\/www.ecole-saintjoseph-mauleon.fr\/fr\/wp-content\/uploads\/2019\/08\/IMG_8513.jpg 1600w, http:\/\/www.ecole-saintjoseph-mauleon.fr\/fr\/wp-content\/uploads\/2019\/08\/IMG_8513-300x225.jpg 300w, http:\/\/www.ecole-saintjoseph-mauleon.fr\/fr\/wp-content\/uploads\/2019\/08\/IMG_8513-768x576.jpg 768w, http:\/\/www.ecole-saintjoseph-mauleon.fr\/fr\/wp-content\/uploads\/2019\/08\/IMG_8513-1024x768.jpg 1024w\" sizes=\"auto, (max-width: 1600px) 100vw, 1600px\" \/><\/a>\n\t\t\t<\/dt><\/dl><br style=\"clear: both\" \/><dl class='gallery-item'>\n\t\t\t<dt class='gallery-icon landscape'>\n\t\t\t\t<a href='http:\/\/www.ecole-saintjoseph-mauleon.fr\/fr\/2019\/08\/13\/suite-des-travaux-dagrandissement-de-lecole\/img_8514\/'><img loading=\"lazy\" decoding=\"async\" width=\"1600\" height=\"1200\" src=\"http:\/\/www.ecole-saintjoseph-mauleon.fr\/fr\/wp-content\/uploads\/2019\/08\/IMG_8514.jpg\" class=\"attachment-full size-full\" alt=\"\" srcset=\"http:\/\/www.ecole-saintjoseph-mauleon.fr\/fr\/wp-content\/uploads\/2019\/08\/IMG_8514.jpg 1600w, http:\/\/www.ecole-saintjoseph-mauleon.fr\/fr\/wp-content\/uploads\/2019\/08\/IMG_8514-300x225.jpg 300w, http:\/\/www.ecole-saintjoseph-mauleon.fr\/fr\/wp-content\/uploads\/2019\/08\/IMG_8514-768x576.jpg 768w, http:\/\/www.ecole-saintjoseph-mauleon.fr\/fr\/wp-content\/uploads\/2019\/08\/IMG_8514-1024x768.jpg 1024w\" sizes=\"auto, (max-width: 1600px) 100vw, 1600px\" \/><\/a>\n\t\t\t<\/dt><\/dl><br style=\"clear: both\" \/><dl class='gallery-item'>\n\t\t\t<dt class='gallery-icon landscape'>\n\t\t\t\t<a href='http:\/\/www.ecole-saintjoseph-mauleon.fr\/fr\/2019\/08\/13\/suite-des-travaux-dagrandissement-de-lecole\/img_8515\/'><img loading=\"lazy\" decoding=\"async\" width=\"1600\" height=\"1200\" src=\"http:\/\/www.ecole-saintjoseph-mauleon.fr\/fr\/wp-content\/uploads\/2019\/08\/IMG_8515.jpg\" class=\"attachment-full size-full\" alt=\"\" srcset=\"http:\/\/www.ecole-saintjoseph-mauleon.fr\/fr\/wp-content\/uploads\/2019\/08\/IMG_8515.jpg 1600w, http:\/\/www.ecole-saintjoseph-mauleon.fr\/fr\/wp-content\/uploads\/2019\/08\/IMG_8515-300x225.jpg 300w, http:\/\/www.ecole-saintjoseph-mauleon.fr\/fr\/wp-content\/uploads\/2019\/08\/IMG_8515-768x576.jpg 768w, http:\/\/www.ecole-saintjoseph-mauleon.fr\/fr\/wp-content\/uploads\/2019\/08\/IMG_8515-1024x768.jpg 1024w\" sizes=\"auto, (max-width: 1600px) 100vw, 1600px\" \/><\/a>\n\t\t\t<\/dt><\/dl><br style=\"clear: both\" \/><dl class='gallery-item'>\n\t\t\t<dt class='gallery-icon landscape'>\n\t\t\t\t<a href='http:\/\/www.ecole-saintjoseph-mauleon.fr\/fr\/2019\/08\/13\/suite-des-travaux-dagrandissement-de-lecole\/img_8516\/'><img loading=\"lazy\" decoding=\"async\" width=\"1600\" height=\"1200\" src=\"http:\/\/www.ecole-saintjoseph-mauleon.fr\/fr\/wp-content\/uploads\/2019\/08\/IMG_8516.jpg\" class=\"attachment-full size-full\" alt=\"\" srcset=\"http:\/\/www.ecole-saintjoseph-mauleon.fr\/fr\/wp-content\/uploads\/2019\/08\/IMG_8516.jpg 1600w, http:\/\/www.ecole-saintjoseph-mauleon.fr\/fr\/wp-content\/uploads\/2019\/08\/IMG_8516-300x225.jpg 300w, http:\/\/www.ecole-saintjoseph-mauleon.fr\/fr\/wp-content\/uploads\/2019\/08\/IMG_8516-768x576.jpg 768w, http:\/\/www.ecole-saintjoseph-mauleon.fr\/fr\/wp-content\/uploads\/2019\/08\/IMG_8516-1024x768.jpg 1024w\" sizes=\"auto, (max-width: 1600px) 100vw, 1600px\" \/><\/a>\n\t\t\t<\/dt><\/dl><br style=\"clear: both\" \/>\n\t\t<\/div>\n\n","protected":false},"excerpt":{"rendered":"<p>En ce mois d&rsquo;Ao\u00fbt 2019, les travaux ont bien avanc\u00e9&#8230; La ma\u00e7onnerie est presque termin\u00e9e. Suite des travaux fin Ao\u00fbt avec la pose de la charpente et la construction du nouveau pr\u00e9au !<\/p>\n","protected":false},"author":5,"featured_media":8176,"comment_status":"closed","ping_status":"open","sticky":false,"template":"","format":"standard","meta":{"footnotes":""},"categories":[34],"tags":[],"class_list":["post-8174","post","type-post","status-publish","format-standard","has-post-thumbnail","hentry","category-viedelecole"],"_links":{"self":[{"href":"http:\/\/www.ecole-saintjoseph-mauleon.fr\/fr\/wp-json\/wp\/v2\/posts\/8174","targetHints":{"allow":["GET"]}}],"collection":[{"href":"http:\/\/www.ecole-saintjoseph-mauleon.fr\/fr\/wp-json\/wp\/v2\/posts"}],"about":[{"href":"http:\/\/www.ecole-saintjoseph-mauleon.fr\/fr\/wp-json\/wp\/v2\/types\/post"}],"author":[{"embeddable":true,"href":"http:\/\/www.ecole-saintjoseph-mauleon.fr\/fr\/wp-json\/wp\/v2\/users\/5"}],"replies":[{"embeddable":true,"href":"http:\/\/www.ecole-saintjoseph-mauleon.fr\/fr\/wp-json\/wp\/v2\/comments?post=8174"}],"version-history":[{"count":1,"href":"http:\/\/www.ecole-saintjoseph-mauleon.fr\/fr\/wp-json\/wp\/v2\/posts\/8174\/revisions"}],"predecessor-version":[{"id":8181,"href":"http:\/\/www.ecole-saintjoseph-mauleon.fr\/fr\/wp-json\/wp\/v2\/posts\/8174\/revisions\/8181"}],"wp:featuredmedia":[{"embeddable":true,"href":"http:\/\/www.ecole-saintjoseph-mauleon.fr\/fr\/wp-json\/wp\/v2\/media\/8176"}],"wp:attachment":[{"href":"http:\/\/www.ecole-saintjoseph-mauleon.fr\/fr\/wp-json\/wp\/v2\/media?parent=8174"}],"wp:term":[{"taxonomy":"category","embeddable":true,"href":"http:\/\/www.ecole-saintjoseph-mauleon.fr\/fr\/wp-json\/wp\/v2\/categories?post=8174"},{"taxonomy":"post_tag","embeddable":true,"href":"http:\/\/www.ecole-saintjoseph-mauleon.fr\/fr\/wp-json\/wp\/v2\/tags?post=8174"}],"curies":[{"name":"wp","href":"https:\/\/api.w.org\/{rel}","templated":true}]}}