{"id":7863,"date":"2019-05-09T10:20:29","date_gmt":"2019-05-09T08:20:29","guid":{"rendered":"http:\/\/www.ecole-saintjoseph-mauleon.fr\/fr\/?p=7863"},"modified":"2019-05-09T11:22:49","modified_gmt":"2019-05-09T09:22:49","slug":"appel-aux-dons-agrandissement-de-lecole","status":"publish","type":"post","link":"http:\/\/www.ecole-saintjoseph-mauleon.fr\/fr\/2019\/05\/09\/appel-aux-dons-agrandissement-de-lecole\/","title":{"rendered":"Appel aux dons &#8211; Agrandissement de l&rsquo;\u00e9cole"},"content":{"rendered":"<p style=\"text-align: center;\">Notre \u00e9cole s&rsquo;agrandit&#8230; D\u00e9but des travaux fin Juin 2019 :<\/p>\n<p style=\"text-align: center;\">Une salle de classe, une salle de motricit\u00e9, des sanitaires aux normes PMR&#8230;<\/p>\n<p style=\"text-align: center;\">Notre \u00e9cole a besoin de VOUS pour le financement d&rsquo;un<strong> nouveau pr\u00e9au<\/strong> !<\/p>\n<p style=\"text-align: center;\"><em>Cliquez sur le lien suivant pour visionner notre projet&#8230;<\/em><\/p>\n<p style=\"text-align: center;\"><a href=\"https:\/\/jaidemonecole.org\/projects\/109\">https:\/\/jaidemonecole.org\/projects\/109<\/a><\/p>\n<p><img loading=\"lazy\" decoding=\"async\" class=\"size-large wp-image-7868 aligncenter\" src=\"http:\/\/www.ecole-saintjoseph-mauleon.fr\/fr\/wp-content\/uploads\/2019\/05\/D\u00e9pliantAppelAuxDonsMaiFinalSite1-363x1024.png\" alt=\"\" width=\"363\" height=\"1024\" srcset=\"http:\/\/www.ecole-saintjoseph-mauleon.fr\/fr\/wp-content\/uploads\/2019\/05\/D\u00e9pliantAppelAuxDonsMaiFinalSite1-363x1024.png 363w, http:\/\/www.ecole-saintjoseph-mauleon.fr\/fr\/wp-content\/uploads\/2019\/05\/D\u00e9pliantAppelAuxDonsMaiFinalSite1-106x300.png 106w, http:\/\/www.ecole-saintjoseph-mauleon.fr\/fr\/wp-content\/uploads\/2019\/05\/D\u00e9pliantAppelAuxDonsMaiFinalSite1-768x2167.png 768w, http:\/\/www.ecole-saintjoseph-mauleon.fr\/fr\/wp-content\/uploads\/2019\/05\/D\u00e9pliantAppelAuxDonsMaiFinalSite1.png 567w\" sizes=\"auto, (max-width: 363px) 100vw, 363px\" \/> <img loading=\"lazy\" decoding=\"async\" class=\"size-large wp-image-7869 aligncenter\" src=\"http:\/\/www.ecole-saintjoseph-mauleon.fr\/fr\/wp-content\/uploads\/2019\/05\/D\u00e9pliantAppelAuxDonsMaiFinalSite2-1-353x1024.png\" alt=\"\" width=\"353\" height=\"1024\" srcset=\"http:\/\/www.ecole-saintjoseph-mauleon.fr\/fr\/wp-content\/uploads\/2019\/05\/D\u00e9pliantAppelAuxDonsMaiFinalSite2-1-353x1024.png 353w, http:\/\/www.ecole-saintjoseph-mauleon.fr\/fr\/wp-content\/uploads\/2019\/05\/D\u00e9pliantAppelAuxDonsMaiFinalSite2-1-103x300.png 103w, http:\/\/www.ecole-saintjoseph-mauleon.fr\/fr\/wp-content\/uploads\/2019\/05\/D\u00e9pliantAppelAuxDonsMaiFinalSite2-1.png 421w\" sizes=\"auto, (max-width: 353px) 100vw, 353px\" \/><\/p>\n<p>&nbsp;<\/p>\n<p>&nbsp;<\/p>\n","protected":false},"excerpt":{"rendered":"<p>Notre \u00e9cole s&rsquo;agrandit&#8230; D\u00e9but des travaux fin Juin 2019 : Une salle de classe, une salle de motricit\u00e9, des sanitaires aux normes PMR&#8230; Notre \u00e9cole a besoin de VOUS pour le financement d&rsquo;un nouveau pr\u00e9au ! Cliquez sur le lien suivant pour visionner notre projet&#8230; https:\/\/jaidemonecole.org\/projects\/109 &nbsp; &nbsp;<\/p>\n","protected":false},"author":5,"featured_media":7872,"comment_status":"closed","ping_status":"open","sticky":false,"template":"","format":"standard","meta":{"footnotes":""},"categories":[34],"tags":[],"class_list":["post-7863","post","type-post","status-publish","format-standard","has-post-thumbnail","hentry","category-viedelecole"],"_links":{"self":[{"href":"http:\/\/www.ecole-saintjoseph-mauleon.fr\/fr\/wp-json\/wp\/v2\/posts\/7863","targetHints":{"allow":["GET"]}}],"collection":[{"href":"http:\/\/www.ecole-saintjoseph-mauleon.fr\/fr\/wp-json\/wp\/v2\/posts"}],"about":[{"href":"http:\/\/www.ecole-saintjoseph-mauleon.fr\/fr\/wp-json\/wp\/v2\/types\/post"}],"author":[{"embeddable":true,"href":"http:\/\/www.ecole-saintjoseph-mauleon.fr\/fr\/wp-json\/wp\/v2\/users\/5"}],"replies":[{"embeddable":true,"href":"http:\/\/www.ecole-saintjoseph-mauleon.fr\/fr\/wp-json\/wp\/v2\/comments?post=7863"}],"version-history":[{"count":4,"href":"http:\/\/www.ecole-saintjoseph-mauleon.fr\/fr\/wp-json\/wp\/v2\/posts\/7863\/revisions"}],"predecessor-version":[{"id":7871,"href":"http:\/\/www.ecole-saintjoseph-mauleon.fr\/fr\/wp-json\/wp\/v2\/posts\/7863\/revisions\/7871"}],"wp:featuredmedia":[{"embeddable":true,"href":"http:\/\/www.ecole-saintjoseph-mauleon.fr\/fr\/wp-json\/wp\/v2\/media\/7872"}],"wp:attachment":[{"href":"http:\/\/www.ecole-saintjoseph-mauleon.fr\/fr\/wp-json\/wp\/v2\/media?parent=7863"}],"wp:term":[{"taxonomy":"category","embeddable":true,"href":"http:\/\/www.ecole-saintjoseph-mauleon.fr\/fr\/wp-json\/wp\/v2\/categories?post=7863"},{"taxonomy":"post_tag","embeddable":true,"href":"http:\/\/www.ecole-saintjoseph-mauleon.fr\/fr\/wp-json\/wp\/v2\/tags?post=7863"}],"curies":[{"name":"wp","href":"https:\/\/api.w.org\/{rel}","templated":true}]}}