{"id":7818,"date":"2019-05-03T18:16:49","date_gmt":"2019-05-03T16:16:49","guid":{"rendered":"http:\/\/www.ecole-saintjoseph-mauleon.fr\/fr\/?p=7818"},"modified":"2019-05-04T16:57:40","modified_gmt":"2019-05-04T14:57:40","slug":"course-solidaire-ugsel-unicef-vendredi-3-mai-2019","status":"publish","type":"post","link":"http:\/\/www.ecole-saintjoseph-mauleon.fr\/fr\/2019\/05\/03\/course-solidaire-ugsel-unicef-vendredi-3-mai-2019\/","title":{"rendered":"Course solidaire UGSEL &#8211; UNICEF &#8211; Vendredi 3 Mai 2019"},"content":{"rendered":"<p>L&rsquo;ensemble des \u00e9l\u00e8ves de l&rsquo;\u00e9cole Saint Joseph ont couru pour l&rsquo;UNICEF ce vendredi 3 Mai 2019.<\/p>\n<p>Un parcours \u00e9tait propos\u00e9 par Fran\u00e7ois ALEXANDRE, professeur d&rsquo;\u00e9ducation physique et sportive dans le secondaire.<\/p>\n<p>Nous avons pass\u00e9 une tr\u00e8s belle apr\u00e8s-midi de course \u00e0 pieds.<\/p>\n<p><em>\u00ab\u00a0J&rsquo;a mal aux jambes\u00a0\u00bb, \u00ab\u00a0mon coeur bat fort\u00a0\u00bb, \u00ab\u00a0c&rsquo;\u00e9tait trop top !\u00a0\u00bb&#8230; <\/em><\/p>\n<p>BRAVO A TOUS LES PARTICIPANTS, Petits et grands, \u00e9l\u00e8ves, enseignants et parents !<\/p>\n<p>Et Merci \u00e0 M. ALEXANDRE !<\/p>\n<p>Merci l&rsquo;apel pour le go\u00fbter offert aux enfants.<\/p>\n<p>Les dons sont \u00e0 d\u00e9poser \u00e0 l&rsquo;\u00e9cole la semaine prochaine. Merci pour l&rsquo;UNICEF !<\/p>\n\n\t\t<style type=\"text\/css\">\n\t\t\t#gallery-1 {\n\t\t\t\tmargin: auto;\n\t\t\t}\n\t\t\t#gallery-1 .gallery-item {\n\t\t\t\tfloat: left;\n\t\t\t\tmargin-top: 10px;\n\t\t\t\ttext-align: center;\n\t\t\t\twidth: 100%;\n\t\t\t}\n\t\t\t#gallery-1 img {\n\t\t\t\tborder: 2px solid #cfcfcf;\n\t\t\t}\n\t\t\t#gallery-1 .gallery-caption {\n\t\t\t\tmargin-left: 0;\n\t\t\t}\n\t\t\t\/* see gallery_shortcode() in wp-includes\/media.php *\/\n\t\t<\/style>\n\t\t<div id='gallery-1' class='gallery galleryid-7818 gallery-columns-1 gallery-size-full'><dl class='gallery-item'>\n\t\t\t<dt class='gallery-icon portrait'>\n\t\t\t\t<a href='http:\/\/www.ecole-saintjoseph-mauleon.fr\/fr\/2019\/05\/03\/course-solidaire-ugsel-unicef-vendredi-3-mai-2019\/photo-2019-05-03-17-51-05\/'><img loading=\"lazy\" decoding=\"async\" width=\"1200\" height=\"1600\" src=\"http:\/\/www.ecole-saintjoseph-mauleon.fr\/fr\/wp-content\/uploads\/2019\/05\/PHOTO-2019-05-03-17-51-05.jpg\" class=\"attachment-full size-full\" alt=\"\" srcset=\"http:\/\/www.ecole-saintjoseph-mauleon.fr\/fr\/wp-content\/uploads\/2019\/05\/PHOTO-2019-05-03-17-51-05.jpg 1200w, http:\/\/www.ecole-saintjoseph-mauleon.fr\/fr\/wp-content\/uploads\/2019\/05\/PHOTO-2019-05-03-17-51-05-225x300.jpg 225w, http:\/\/www.ecole-saintjoseph-mauleon.fr\/fr\/wp-content\/uploads\/2019\/05\/PHOTO-2019-05-03-17-51-05-768x1024.jpg 768w\" sizes=\"auto, (max-width: 1200px) 100vw, 1200px\" \/><\/a>\n\t\t\t<\/dt><\/dl><br style=\"clear: both\" \/><dl class='gallery-item'>\n\t\t\t<dt class='gallery-icon landscape'>\n\t\t\t\t<a href='http:\/\/www.ecole-saintjoseph-mauleon.fr\/fr\/2019\/05\/03\/course-solidaire-ugsel-unicef-vendredi-3-mai-2019\/photo-2019-05-03-17-51-13\/'><img loading=\"lazy\" decoding=\"async\" width=\"1600\" height=\"1200\" src=\"http:\/\/www.ecole-saintjoseph-mauleon.fr\/fr\/wp-content\/uploads\/2019\/05\/PHOTO-2019-05-03-17-51-13.jpg\" class=\"attachment-full size-full\" alt=\"\" srcset=\"http:\/\/www.ecole-saintjoseph-mauleon.fr\/fr\/wp-content\/uploads\/2019\/05\/PHOTO-2019-05-03-17-51-13.jpg 1600w, http:\/\/www.ecole-saintjoseph-mauleon.fr\/fr\/wp-content\/uploads\/2019\/05\/PHOTO-2019-05-03-17-51-13-300x225.jpg 300w, http:\/\/www.ecole-saintjoseph-mauleon.fr\/fr\/wp-content\/uploads\/2019\/05\/PHOTO-2019-05-03-17-51-13-768x576.jpg 768w, http:\/\/www.ecole-saintjoseph-mauleon.fr\/fr\/wp-content\/uploads\/2019\/05\/PHOTO-2019-05-03-17-51-13-1024x768.jpg 1024w\" sizes=\"auto, (max-width: 1600px) 100vw, 1600px\" \/><\/a>\n\t\t\t<\/dt><\/dl><br style=\"clear: both\" \/><dl class='gallery-item'>\n\t\t\t<dt class='gallery-icon landscape'>\n\t\t\t\t<a href='http:\/\/www.ecole-saintjoseph-mauleon.fr\/fr\/2019\/05\/03\/course-solidaire-ugsel-unicef-vendredi-3-mai-2019\/photo-2019-05-03-17-51-13_1\/'><img loading=\"lazy\" decoding=\"async\" width=\"1600\" height=\"1200\" src=\"http:\/\/www.ecole-saintjoseph-mauleon.fr\/fr\/wp-content\/uploads\/2019\/05\/PHOTO-2019-05-03-17-51-13_1.jpg\" class=\"attachment-full size-full\" alt=\"\" srcset=\"http:\/\/www.ecole-saintjoseph-mauleon.fr\/fr\/wp-content\/uploads\/2019\/05\/PHOTO-2019-05-03-17-51-13_1.jpg 1600w, http:\/\/www.ecole-saintjoseph-mauleon.fr\/fr\/wp-content\/uploads\/2019\/05\/PHOTO-2019-05-03-17-51-13_1-300x225.jpg 300w, http:\/\/www.ecole-saintjoseph-mauleon.fr\/fr\/wp-content\/uploads\/2019\/05\/PHOTO-2019-05-03-17-51-13_1-768x576.jpg 768w, http:\/\/www.ecole-saintjoseph-mauleon.fr\/fr\/wp-content\/uploads\/2019\/05\/PHOTO-2019-05-03-17-51-13_1-1024x768.jpg 1024w\" sizes=\"auto, (max-width: 1600px) 100vw, 1600px\" \/><\/a>\n\t\t\t<\/dt><\/dl><br style=\"clear: both\" \/><dl class='gallery-item'>\n\t\t\t<dt class='gallery-icon landscape'>\n\t\t\t\t<a href='http:\/\/www.ecole-saintjoseph-mauleon.fr\/fr\/2019\/05\/03\/course-solidaire-ugsel-unicef-vendredi-3-mai-2019\/photo-2019-05-03-17-51-13_2\/'><img loading=\"lazy\" decoding=\"async\" width=\"1600\" height=\"1200\" src=\"http:\/\/www.ecole-saintjoseph-mauleon.fr\/fr\/wp-content\/uploads\/2019\/05\/PHOTO-2019-05-03-17-51-13_2.jpg\" class=\"attachment-full size-full\" alt=\"\" srcset=\"http:\/\/www.ecole-saintjoseph-mauleon.fr\/fr\/wp-content\/uploads\/2019\/05\/PHOTO-2019-05-03-17-51-13_2.jpg 1600w, http:\/\/www.ecole-saintjoseph-mauleon.fr\/fr\/wp-content\/uploads\/2019\/05\/PHOTO-2019-05-03-17-51-13_2-300x225.jpg 300w, http:\/\/www.ecole-saintjoseph-mauleon.fr\/fr\/wp-content\/uploads\/2019\/05\/PHOTO-2019-05-03-17-51-13_2-768x576.jpg 768w, http:\/\/www.ecole-saintjoseph-mauleon.fr\/fr\/wp-content\/uploads\/2019\/05\/PHOTO-2019-05-03-17-51-13_2-1024x768.jpg 1024w\" sizes=\"auto, (max-width: 1600px) 100vw, 1600px\" \/><\/a>\n\t\t\t<\/dt><\/dl><br style=\"clear: both\" \/><dl class='gallery-item'>\n\t\t\t<dt class='gallery-icon landscape'>\n\t\t\t\t<a href='http:\/\/www.ecole-saintjoseph-mauleon.fr\/fr\/2019\/05\/03\/course-solidaire-ugsel-unicef-vendredi-3-mai-2019\/photo-2019-05-03-17-51-14\/'><img loading=\"lazy\" decoding=\"async\" width=\"1600\" height=\"1200\" src=\"http:\/\/www.ecole-saintjoseph-mauleon.fr\/fr\/wp-content\/uploads\/2019\/05\/PHOTO-2019-05-03-17-51-14.jpg\" class=\"attachment-full size-full\" alt=\"\" srcset=\"http:\/\/www.ecole-saintjoseph-mauleon.fr\/fr\/wp-content\/uploads\/2019\/05\/PHOTO-2019-05-03-17-51-14.jpg 1600w, http:\/\/www.ecole-saintjoseph-mauleon.fr\/fr\/wp-content\/uploads\/2019\/05\/PHOTO-2019-05-03-17-51-14-300x225.jpg 300w, http:\/\/www.ecole-saintjoseph-mauleon.fr\/fr\/wp-content\/uploads\/2019\/05\/PHOTO-2019-05-03-17-51-14-768x576.jpg 768w, http:\/\/www.ecole-saintjoseph-mauleon.fr\/fr\/wp-content\/uploads\/2019\/05\/PHOTO-2019-05-03-17-51-14-1024x768.jpg 1024w\" sizes=\"auto, (max-width: 1600px) 100vw, 1600px\" \/><\/a>\n\t\t\t<\/dt><\/dl><br style=\"clear: both\" \/><dl class='gallery-item'>\n\t\t\t<dt class='gallery-icon landscape'>\n\t\t\t\t<a href='http:\/\/www.ecole-saintjoseph-mauleon.fr\/fr\/2019\/05\/03\/course-solidaire-ugsel-unicef-vendredi-3-mai-2019\/photo-2019-05-03-17-51-14_1\/'><img loading=\"lazy\" decoding=\"async\" width=\"1600\" height=\"1200\" src=\"http:\/\/www.ecole-saintjoseph-mauleon.fr\/fr\/wp-content\/uploads\/2019\/05\/PHOTO-2019-05-03-17-51-14_1.jpg\" class=\"attachment-full size-full\" alt=\"\" srcset=\"http:\/\/www.ecole-saintjoseph-mauleon.fr\/fr\/wp-content\/uploads\/2019\/05\/PHOTO-2019-05-03-17-51-14_1.jpg 1600w, http:\/\/www.ecole-saintjoseph-mauleon.fr\/fr\/wp-content\/uploads\/2019\/05\/PHOTO-2019-05-03-17-51-14_1-300x225.jpg 300w, http:\/\/www.ecole-saintjoseph-mauleon.fr\/fr\/wp-content\/uploads\/2019\/05\/PHOTO-2019-05-03-17-51-14_1-768x576.jpg 768w, http:\/\/www.ecole-saintjoseph-mauleon.fr\/fr\/wp-content\/uploads\/2019\/05\/PHOTO-2019-05-03-17-51-14_1-1024x768.jpg 1024w\" sizes=\"auto, (max-width: 1600px) 100vw, 1600px\" \/><\/a>\n\t\t\t<\/dt><\/dl><br style=\"clear: both\" \/><dl class='gallery-item'>\n\t\t\t<dt class='gallery-icon landscape'>\n\t\t\t\t<a href='http:\/\/www.ecole-saintjoseph-mauleon.fr\/fr\/2019\/05\/03\/course-solidaire-ugsel-unicef-vendredi-3-mai-2019\/photo-2019-05-03-17-51-14_2\/'><img loading=\"lazy\" decoding=\"async\" width=\"1600\" height=\"1200\" src=\"http:\/\/www.ecole-saintjoseph-mauleon.fr\/fr\/wp-content\/uploads\/2019\/05\/PHOTO-2019-05-03-17-51-14_2.jpg\" class=\"attachment-full size-full\" alt=\"\" srcset=\"http:\/\/www.ecole-saintjoseph-mauleon.fr\/fr\/wp-content\/uploads\/2019\/05\/PHOTO-2019-05-03-17-51-14_2.jpg 1600w, http:\/\/www.ecole-saintjoseph-mauleon.fr\/fr\/wp-content\/uploads\/2019\/05\/PHOTO-2019-05-03-17-51-14_2-300x225.jpg 300w, http:\/\/www.ecole-saintjoseph-mauleon.fr\/fr\/wp-content\/uploads\/2019\/05\/PHOTO-2019-05-03-17-51-14_2-768x576.jpg 768w, http:\/\/www.ecole-saintjoseph-mauleon.fr\/fr\/wp-content\/uploads\/2019\/05\/PHOTO-2019-05-03-17-51-14_2-1024x768.jpg 1024w\" sizes=\"auto, (max-width: 1600px) 100vw, 1600px\" \/><\/a>\n\t\t\t<\/dt><\/dl><br style=\"clear: both\" \/><dl class='gallery-item'>\n\t\t\t<dt class='gallery-icon landscape'>\n\t\t\t\t<a href='http:\/\/www.ecole-saintjoseph-mauleon.fr\/fr\/2019\/05\/03\/course-solidaire-ugsel-unicef-vendredi-3-mai-2019\/photo-2019-05-03-17-51-14_3\/'><img loading=\"lazy\" decoding=\"async\" width=\"1600\" height=\"1200\" src=\"http:\/\/www.ecole-saintjoseph-mauleon.fr\/fr\/wp-content\/uploads\/2019\/05\/PHOTO-2019-05-03-17-51-14_3.jpg\" class=\"attachment-full size-full\" alt=\"\" srcset=\"http:\/\/www.ecole-saintjoseph-mauleon.fr\/fr\/wp-content\/uploads\/2019\/05\/PHOTO-2019-05-03-17-51-14_3.jpg 1600w, http:\/\/www.ecole-saintjoseph-mauleon.fr\/fr\/wp-content\/uploads\/2019\/05\/PHOTO-2019-05-03-17-51-14_3-300x225.jpg 300w, http:\/\/www.ecole-saintjoseph-mauleon.fr\/fr\/wp-content\/uploads\/2019\/05\/PHOTO-2019-05-03-17-51-14_3-768x576.jpg 768w, http:\/\/www.ecole-saintjoseph-mauleon.fr\/fr\/wp-content\/uploads\/2019\/05\/PHOTO-2019-05-03-17-51-14_3-1024x768.jpg 1024w\" sizes=\"auto, (max-width: 1600px) 100vw, 1600px\" \/><\/a>\n\t\t\t<\/dt><\/dl><br style=\"clear: both\" \/><dl class='gallery-item'>\n\t\t\t<dt class='gallery-icon landscape'>\n\t\t\t\t<a href='http:\/\/www.ecole-saintjoseph-mauleon.fr\/fr\/2019\/05\/03\/course-solidaire-ugsel-unicef-vendredi-3-mai-2019\/photo-2019-05-03-17-51-15\/'><img loading=\"lazy\" decoding=\"async\" width=\"1600\" height=\"1200\" src=\"http:\/\/www.ecole-saintjoseph-mauleon.fr\/fr\/wp-content\/uploads\/2019\/05\/PHOTO-2019-05-03-17-51-15.jpg\" class=\"attachment-full size-full\" alt=\"\" srcset=\"http:\/\/www.ecole-saintjoseph-mauleon.fr\/fr\/wp-content\/uploads\/2019\/05\/PHOTO-2019-05-03-17-51-15.jpg 1600w, http:\/\/www.ecole-saintjoseph-mauleon.fr\/fr\/wp-content\/uploads\/2019\/05\/PHOTO-2019-05-03-17-51-15-300x225.jpg 300w, http:\/\/www.ecole-saintjoseph-mauleon.fr\/fr\/wp-content\/uploads\/2019\/05\/PHOTO-2019-05-03-17-51-15-768x576.jpg 768w, http:\/\/www.ecole-saintjoseph-mauleon.fr\/fr\/wp-content\/uploads\/2019\/05\/PHOTO-2019-05-03-17-51-15-1024x768.jpg 1024w\" sizes=\"auto, (max-width: 1600px) 100vw, 1600px\" \/><\/a>\n\t\t\t<\/dt><\/dl><br style=\"clear: both\" \/><dl class='gallery-item'>\n\t\t\t<dt class='gallery-icon landscape'>\n\t\t\t\t<a href='http:\/\/www.ecole-saintjoseph-mauleon.fr\/fr\/2019\/05\/03\/course-solidaire-ugsel-unicef-vendredi-3-mai-2019\/20190503_144908_resized\/'><img loading=\"lazy\" decoding=\"async\" width=\"1600\" height=\"900\" src=\"http:\/\/www.ecole-saintjoseph-mauleon.fr\/fr\/wp-content\/uploads\/2019\/05\/20190503_144908_resized.jpg\" class=\"attachment-full size-full\" alt=\"\" srcset=\"http:\/\/www.ecole-saintjoseph-mauleon.fr\/fr\/wp-content\/uploads\/2019\/05\/20190503_144908_resized.jpg 1600w, http:\/\/www.ecole-saintjoseph-mauleon.fr\/fr\/wp-content\/uploads\/2019\/05\/20190503_144908_resized-300x169.jpg 300w, http:\/\/www.ecole-saintjoseph-mauleon.fr\/fr\/wp-content\/uploads\/2019\/05\/20190503_144908_resized-768x432.jpg 768w, http:\/\/www.ecole-saintjoseph-mauleon.fr\/fr\/wp-content\/uploads\/2019\/05\/20190503_144908_resized-1024x576.jpg 1024w\" sizes=\"auto, (max-width: 1600px) 100vw, 1600px\" \/><\/a>\n\t\t\t<\/dt><\/dl><br style=\"clear: both\" \/><dl class='gallery-item'>\n\t\t\t<dt class='gallery-icon portrait'>\n\t\t\t\t<a href='http:\/\/www.ecole-saintjoseph-mauleon.fr\/fr\/2019\/05\/03\/course-solidaire-ugsel-unicef-vendredi-3-mai-2019\/20190503_152323_resized\/'><img loading=\"lazy\" decoding=\"async\" width=\"900\" height=\"1600\" src=\"http:\/\/www.ecole-saintjoseph-mauleon.fr\/fr\/wp-content\/uploads\/2019\/05\/20190503_152323_resized.jpg\" class=\"attachment-full size-full\" alt=\"\" srcset=\"http:\/\/www.ecole-saintjoseph-mauleon.fr\/fr\/wp-content\/uploads\/2019\/05\/20190503_152323_resized.jpg 900w, http:\/\/www.ecole-saintjoseph-mauleon.fr\/fr\/wp-content\/uploads\/2019\/05\/20190503_152323_resized-169x300.jpg 169w, http:\/\/www.ecole-saintjoseph-mauleon.fr\/fr\/wp-content\/uploads\/2019\/05\/20190503_152323_resized-768x1365.jpg 768w, http:\/\/www.ecole-saintjoseph-mauleon.fr\/fr\/wp-content\/uploads\/2019\/05\/20190503_152323_resized-576x1024.jpg 576w\" sizes=\"auto, (max-width: 900px) 100vw, 900px\" \/><\/a>\n\t\t\t<\/dt><\/dl><br style=\"clear: both\" \/><dl class='gallery-item'>\n\t\t\t<dt class='gallery-icon landscape'>\n\t\t\t\t<a href='http:\/\/www.ecole-saintjoseph-mauleon.fr\/fr\/2019\/05\/03\/course-solidaire-ugsel-unicef-vendredi-3-mai-2019\/20190503_152331_resized\/'><img loading=\"lazy\" decoding=\"async\" width=\"1600\" height=\"900\" src=\"http:\/\/www.ecole-saintjoseph-mauleon.fr\/fr\/wp-content\/uploads\/2019\/05\/20190503_152331_resized.jpg\" class=\"attachment-full size-full\" alt=\"\" srcset=\"http:\/\/www.ecole-saintjoseph-mauleon.fr\/fr\/wp-content\/uploads\/2019\/05\/20190503_152331_resized.jpg 1600w, http:\/\/www.ecole-saintjoseph-mauleon.fr\/fr\/wp-content\/uploads\/2019\/05\/20190503_152331_resized-300x169.jpg 300w, http:\/\/www.ecole-saintjoseph-mauleon.fr\/fr\/wp-content\/uploads\/2019\/05\/20190503_152331_resized-768x432.jpg 768w, http:\/\/www.ecole-saintjoseph-mauleon.fr\/fr\/wp-content\/uploads\/2019\/05\/20190503_152331_resized-1024x576.jpg 1024w\" sizes=\"auto, (max-width: 1600px) 100vw, 1600px\" \/><\/a>\n\t\t\t<\/dt><\/dl><br style=\"clear: both\" \/><dl class='gallery-item'>\n\t\t\t<dt class='gallery-icon landscape'>\n\t\t\t\t<a href='http:\/\/www.ecole-saintjoseph-mauleon.fr\/fr\/2019\/05\/03\/course-solidaire-ugsel-unicef-vendredi-3-mai-2019\/20190503_155335_resized\/'><img loading=\"lazy\" decoding=\"async\" width=\"1600\" height=\"900\" src=\"http:\/\/www.ecole-saintjoseph-mauleon.fr\/fr\/wp-content\/uploads\/2019\/05\/20190503_155335_resized.jpg\" class=\"attachment-full size-full\" alt=\"\" srcset=\"http:\/\/www.ecole-saintjoseph-mauleon.fr\/fr\/wp-content\/uploads\/2019\/05\/20190503_155335_resized.jpg 1600w, http:\/\/www.ecole-saintjoseph-mauleon.fr\/fr\/wp-content\/uploads\/2019\/05\/20190503_155335_resized-300x169.jpg 300w, http:\/\/www.ecole-saintjoseph-mauleon.fr\/fr\/wp-content\/uploads\/2019\/05\/20190503_155335_resized-768x432.jpg 768w, http:\/\/www.ecole-saintjoseph-mauleon.fr\/fr\/wp-content\/uploads\/2019\/05\/20190503_155335_resized-1024x576.jpg 1024w\" sizes=\"auto, (max-width: 1600px) 100vw, 1600px\" \/><\/a>\n\t\t\t<\/dt><\/dl><br style=\"clear: both\" \/>\n\t\t<\/div>\n\n","protected":false},"excerpt":{"rendered":"<p>L&rsquo;ensemble des \u00e9l\u00e8ves de l&rsquo;\u00e9cole Saint Joseph ont couru pour l&rsquo;UNICEF ce vendredi 3 Mai 2019. Un parcours \u00e9tait propos\u00e9 par Fran\u00e7ois ALEXANDRE, professeur d&rsquo;\u00e9ducation physique et sportive dans le secondaire. Nous avons pass\u00e9 une tr\u00e8s belle apr\u00e8s-midi de course \u00e0 pieds. \u00ab\u00a0J&rsquo;a mal aux jambes\u00a0\u00bb, \u00ab\u00a0mon coeur bat fort\u00a0\u00bb, \u00ab\u00a0c&rsquo;\u00e9tait trop top !\u00a0\u00bb&#8230; BRAVO&hellip;<\/p>\n","protected":false},"author":5,"featured_media":7823,"comment_status":"closed","ping_status":"open","sticky":false,"template":"","format":"standard","meta":{"footnotes":""},"categories":[34],"tags":[],"class_list":["post-7818","post","type-post","status-publish","format-standard","has-post-thumbnail","hentry","category-viedelecole"],"_links":{"self":[{"href":"http:\/\/www.ecole-saintjoseph-mauleon.fr\/fr\/wp-json\/wp\/v2\/posts\/7818","targetHints":{"allow":["GET"]}}],"collection":[{"href":"http:\/\/www.ecole-saintjoseph-mauleon.fr\/fr\/wp-json\/wp\/v2\/posts"}],"about":[{"href":"http:\/\/www.ecole-saintjoseph-mauleon.fr\/fr\/wp-json\/wp\/v2\/types\/post"}],"author":[{"embeddable":true,"href":"http:\/\/www.ecole-saintjoseph-mauleon.fr\/fr\/wp-json\/wp\/v2\/users\/5"}],"replies":[{"embeddable":true,"href":"http:\/\/www.ecole-saintjoseph-mauleon.fr\/fr\/wp-json\/wp\/v2\/comments?post=7818"}],"version-history":[{"count":3,"href":"http:\/\/www.ecole-saintjoseph-mauleon.fr\/fr\/wp-json\/wp\/v2\/posts\/7818\/revisions"}],"predecessor-version":[{"id":7853,"href":"http:\/\/www.ecole-saintjoseph-mauleon.fr\/fr\/wp-json\/wp\/v2\/posts\/7818\/revisions\/7853"}],"wp:featuredmedia":[{"embeddable":true,"href":"http:\/\/www.ecole-saintjoseph-mauleon.fr\/fr\/wp-json\/wp\/v2\/media\/7823"}],"wp:attachment":[{"href":"http:\/\/www.ecole-saintjoseph-mauleon.fr\/fr\/wp-json\/wp\/v2\/media?parent=7818"}],"wp:term":[{"taxonomy":"category","embeddable":true,"href":"http:\/\/www.ecole-saintjoseph-mauleon.fr\/fr\/wp-json\/wp\/v2\/categories?post=7818"},{"taxonomy":"post_tag","embeddable":true,"href":"http:\/\/www.ecole-saintjoseph-mauleon.fr\/fr\/wp-json\/wp\/v2\/tags?post=7818"}],"curies":[{"name":"wp","href":"https:\/\/api.w.org\/{rel}","templated":true}]}}