{"id":7489,"date":"2019-01-30T14:40:45","date_gmt":"2019-01-30T13:40:45","guid":{"rendered":"http:\/\/www.ecole-saintjoseph-mauleon.fr\/fr\/?p=7489"},"modified":"2019-01-30T14:40:45","modified_gmt":"2019-01-30T13:40:45","slug":"agrandissement-de-lecole-saint-joseph","status":"publish","type":"post","link":"http:\/\/www.ecole-saintjoseph-mauleon.fr\/fr\/2019\/01\/30\/agrandissement-de-lecole-saint-joseph\/","title":{"rendered":"Agrandissement de l&rsquo;\u00e9cole Saint Joseph"},"content":{"rendered":"<p>La construction de l&rsquo;agrandissement de l&rsquo;\u00e9cole va d\u00e9buter prochainement.<\/p>\n<p>Voici un premier aper\u00e7u de ce nouveau b\u00e2timent qui se situera \u00e0 la place de l&rsquo;actuel pr\u00e9au, sur la cour de l&rsquo;\u00e9cole Saint Joseph.<\/p>\n<p>Il comprendra : une salle de classe, des sanitaires accessibles PMR, un local entretien.<\/p>\n<p>A tr\u00e8s bient\u00f4t pour les premi\u00e8res photos de ce beau projet !<\/p>\n<p><img loading=\"lazy\" decoding=\"async\" class=\"alignnone size-full wp-image-7490\" src=\"http:\/\/www.ecole-saintjoseph-mauleon.fr\/fr\/wp-content\/uploads\/2019\/01\/Plan-\u00e9cole.jpg\" alt=\"\" width=\"872\" height=\"371\" srcset=\"http:\/\/www.ecole-saintjoseph-mauleon.fr\/fr\/wp-content\/uploads\/2019\/01\/Plan-\u00e9cole.jpg 872w, http:\/\/www.ecole-saintjoseph-mauleon.fr\/fr\/wp-content\/uploads\/2019\/01\/Plan-\u00e9cole-300x128.jpg 300w, http:\/\/www.ecole-saintjoseph-mauleon.fr\/fr\/wp-content\/uploads\/2019\/01\/Plan-\u00e9cole-768x327.jpg 768w\" sizes=\"auto, (max-width: 872px) 100vw, 872px\" \/><\/p>\n<p>OGEC \u00e9cole Saint Joseph<\/p>\n","protected":false},"excerpt":{"rendered":"<p>La construction de l&rsquo;agrandissement de l&rsquo;\u00e9cole va d\u00e9buter prochainement. Voici un premier aper\u00e7u de ce nouveau b\u00e2timent qui se situera \u00e0 la place de l&rsquo;actuel pr\u00e9au, sur la cour de l&rsquo;\u00e9cole Saint Joseph. Il comprendra : une salle de classe, des sanitaires accessibles PMR, un local entretien. A tr\u00e8s bient\u00f4t pour les premi\u00e8res photos de&hellip;<\/p>\n","protected":false},"author":5,"featured_media":7490,"comment_status":"closed","ping_status":"open","sticky":false,"template":"","format":"standard","meta":{"footnotes":""},"categories":[34],"tags":[],"class_list":["post-7489","post","type-post","status-publish","format-standard","has-post-thumbnail","hentry","category-viedelecole"],"_links":{"self":[{"href":"http:\/\/www.ecole-saintjoseph-mauleon.fr\/fr\/wp-json\/wp\/v2\/posts\/7489","targetHints":{"allow":["GET"]}}],"collection":[{"href":"http:\/\/www.ecole-saintjoseph-mauleon.fr\/fr\/wp-json\/wp\/v2\/posts"}],"about":[{"href":"http:\/\/www.ecole-saintjoseph-mauleon.fr\/fr\/wp-json\/wp\/v2\/types\/post"}],"author":[{"embeddable":true,"href":"http:\/\/www.ecole-saintjoseph-mauleon.fr\/fr\/wp-json\/wp\/v2\/users\/5"}],"replies":[{"embeddable":true,"href":"http:\/\/www.ecole-saintjoseph-mauleon.fr\/fr\/wp-json\/wp\/v2\/comments?post=7489"}],"version-history":[{"count":1,"href":"http:\/\/www.ecole-saintjoseph-mauleon.fr\/fr\/wp-json\/wp\/v2\/posts\/7489\/revisions"}],"predecessor-version":[{"id":7491,"href":"http:\/\/www.ecole-saintjoseph-mauleon.fr\/fr\/wp-json\/wp\/v2\/posts\/7489\/revisions\/7491"}],"wp:featuredmedia":[{"embeddable":true,"href":"http:\/\/www.ecole-saintjoseph-mauleon.fr\/fr\/wp-json\/wp\/v2\/media\/7490"}],"wp:attachment":[{"href":"http:\/\/www.ecole-saintjoseph-mauleon.fr\/fr\/wp-json\/wp\/v2\/media?parent=7489"}],"wp:term":[{"taxonomy":"category","embeddable":true,"href":"http:\/\/www.ecole-saintjoseph-mauleon.fr\/fr\/wp-json\/wp\/v2\/categories?post=7489"},{"taxonomy":"post_tag","embeddable":true,"href":"http:\/\/www.ecole-saintjoseph-mauleon.fr\/fr\/wp-json\/wp\/v2\/tags?post=7489"}],"curies":[{"name":"wp","href":"https:\/\/api.w.org\/{rel}","templated":true}]}}