{"id":7474,"date":"2019-01-26T15:35:59","date_gmt":"2019-01-26T14:35:59","guid":{"rendered":"http:\/\/www.ecole-saintjoseph-mauleon.fr\/fr\/?p=7474"},"modified":"2019-01-26T15:35:59","modified_gmt":"2019-01-26T14:35:59","slug":"maternelles-cp-au-cinema","status":"publish","type":"post","link":"http:\/\/www.ecole-saintjoseph-mauleon.fr\/fr\/2019\/01\/26\/maternelles-cp-au-cinema\/","title":{"rendered":"Maternelles-CP au cin\u00e9ma"},"content":{"rendered":"<p>Lundi 21 Janvier, les maternelles-CP de l&rsquo;\u00e9cole sont all\u00e9s au cin\u00e9ma avec les \u00e9l\u00e8ves de l&rsquo;\u00e9cole de Rorthais, pour voir \u00ab\u00a0Pat et Mat\u00a0\u00bb. Ce fut tr\u00e8s dr\u00f4le&#8230;!<\/p>\n<p>Premi\u00e8re s\u00e9ance de cin\u00e9ma pour certains d&rsquo;entre nous&#8230;<\/p>\n<p><img loading=\"lazy\" decoding=\"async\" class=\"alignnone size-full wp-image-7475\" src=\"http:\/\/www.ecole-saintjoseph-mauleon.fr\/fr\/wp-content\/uploads\/2019\/01\/IMG_7227.jpg\" alt=\"\" width=\"987\" height=\"740\" srcset=\"http:\/\/www.ecole-saintjoseph-mauleon.fr\/fr\/wp-content\/uploads\/2019\/01\/IMG_7227.jpg 987w, http:\/\/www.ecole-saintjoseph-mauleon.fr\/fr\/wp-content\/uploads\/2019\/01\/IMG_7227-300x225.jpg 300w, http:\/\/www.ecole-saintjoseph-mauleon.fr\/fr\/wp-content\/uploads\/2019\/01\/IMG_7227-768x576.jpg 768w\" sizes=\"auto, (max-width: 987px) 100vw, 987px\" \/> <img loading=\"lazy\" decoding=\"async\" class=\"alignnone size-large wp-image-7476\" src=\"http:\/\/www.ecole-saintjoseph-mauleon.fr\/fr\/wp-content\/uploads\/2019\/01\/IMG_7228.jpg\" alt=\"\" width=\"987\" height=\"740\" srcset=\"http:\/\/www.ecole-saintjoseph-mauleon.fr\/fr\/wp-content\/uploads\/2019\/01\/IMG_7228.jpg 987w, http:\/\/www.ecole-saintjoseph-mauleon.fr\/fr\/wp-content\/uploads\/2019\/01\/IMG_7228-300x225.jpg 300w, http:\/\/www.ecole-saintjoseph-mauleon.fr\/fr\/wp-content\/uploads\/2019\/01\/IMG_7228-768x576.jpg 768w\" sizes=\"auto, (max-width: 987px) 100vw, 987px\" \/><\/p>\n","protected":false},"excerpt":{"rendered":"<p>Lundi 21 Janvier, les maternelles-CP de l&rsquo;\u00e9cole sont all\u00e9s au cin\u00e9ma avec les \u00e9l\u00e8ves de l&rsquo;\u00e9cole de Rorthais, pour voir \u00ab\u00a0Pat et Mat\u00a0\u00bb. Ce fut tr\u00e8s dr\u00f4le&#8230;! Premi\u00e8re s\u00e9ance de cin\u00e9ma pour certains d&rsquo;entre nous&#8230;<\/p>\n","protected":false},"author":5,"featured_media":7477,"comment_status":"closed","ping_status":"open","sticky":false,"template":"","format":"standard","meta":{"footnotes":""},"categories":[1],"tags":[],"class_list":["post-7474","post","type-post","status-publish","format-standard","has-post-thumbnail","hentry","category-non-classe"],"_links":{"self":[{"href":"http:\/\/www.ecole-saintjoseph-mauleon.fr\/fr\/wp-json\/wp\/v2\/posts\/7474","targetHints":{"allow":["GET"]}}],"collection":[{"href":"http:\/\/www.ecole-saintjoseph-mauleon.fr\/fr\/wp-json\/wp\/v2\/posts"}],"about":[{"href":"http:\/\/www.ecole-saintjoseph-mauleon.fr\/fr\/wp-json\/wp\/v2\/types\/post"}],"author":[{"embeddable":true,"href":"http:\/\/www.ecole-saintjoseph-mauleon.fr\/fr\/wp-json\/wp\/v2\/users\/5"}],"replies":[{"embeddable":true,"href":"http:\/\/www.ecole-saintjoseph-mauleon.fr\/fr\/wp-json\/wp\/v2\/comments?post=7474"}],"version-history":[{"count":2,"href":"http:\/\/www.ecole-saintjoseph-mauleon.fr\/fr\/wp-json\/wp\/v2\/posts\/7474\/revisions"}],"predecessor-version":[{"id":7479,"href":"http:\/\/www.ecole-saintjoseph-mauleon.fr\/fr\/wp-json\/wp\/v2\/posts\/7474\/revisions\/7479"}],"wp:featuredmedia":[{"embeddable":true,"href":"http:\/\/www.ecole-saintjoseph-mauleon.fr\/fr\/wp-json\/wp\/v2\/media\/7477"}],"wp:attachment":[{"href":"http:\/\/www.ecole-saintjoseph-mauleon.fr\/fr\/wp-json\/wp\/v2\/media?parent=7474"}],"wp:term":[{"taxonomy":"category","embeddable":true,"href":"http:\/\/www.ecole-saintjoseph-mauleon.fr\/fr\/wp-json\/wp\/v2\/categories?post=7474"},{"taxonomy":"post_tag","embeddable":true,"href":"http:\/\/www.ecole-saintjoseph-mauleon.fr\/fr\/wp-json\/wp\/v2\/tags?post=7474"}],"curies":[{"name":"wp","href":"https:\/\/api.w.org\/{rel}","templated":true}]}}