{"id":7429,"date":"2019-01-14T14:15:15","date_gmt":"2019-01-14T13:15:15","guid":{"rendered":"http:\/\/www.ecole-saintjoseph-mauleon.fr\/fr\/?p=7429"},"modified":"2019-01-16T14:33:50","modified_gmt":"2019-01-16T13:33:50","slug":"semaine-du-reenchantement-vivre-la-responsabilite-autrement","status":"publish","type":"post","link":"http:\/\/www.ecole-saintjoseph-mauleon.fr\/fr\/2019\/01\/14\/semaine-du-reenchantement-vivre-la-responsabilite-autrement\/","title":{"rendered":"Semaine du R\u00e9enchantement &#8211; Vivre la responsabilit\u00e9 autrement&#8230;"},"content":{"rendered":"<p>Du 4 au 9 f\u00e9vrier prochains, tous les acteurs de l&rsquo;enseignement catholique sont invit\u00e9s \u00e0 vivre autrement la responsabilit\u00e9.<\/p>\n<p>L&rsquo;\u00e9cole Saint Joseph propose un \u00ab\u00a0vis-ma-vie\u00a0\u00bb&#8230;<\/p>\n<p>Du lundi au vendredi :<\/p>\n<ul>\n<li>Les adultes de l&rsquo;\u00e9cole vont changer de m\u00e9tier : \u00ab\u00a0vis-ma-vie\u00a0\u00bb d&rsquo;aide-maternelle, de cantini\u00e8re, d&rsquo;enseignante de maternelle, d&rsquo;AVS&#8230;<\/li>\n<li>Les enfants vont changer de niveau d&rsquo;enseignement&#8230; par exemple, les CM2 iront en GS avec Mme Martineau et la mascotte des GS \u00ab\u00a0Le Loup\u00a0\u00bb, les PS iront en CE2 avec Mme Pelletier faire des sciences&#8230;<\/li>\n<li>Les familles de l&rsquo;\u00e9cole sont invit\u00e9es \u00e0 venir enseigner un temps dans la classe qu&rsquo;elles souhaitent ! \u00ab\u00a0Vis-ma-vie de prof \u00a0\u00bb !<\/li>\n<\/ul>\n<p style=\"text-align: center;\"><strong>La RESPONSABILIT\u00c9 en PARTAGE&#8230;<\/strong><\/p>\n<p><img loading=\"lazy\" decoding=\"async\" class=\"size-large wp-image-7431 aligncenter\" src=\"http:\/\/www.ecole-saintjoseph-mauleon.fr\/fr\/wp-content\/uploads\/2019\/01\/Affiche-RLE-respT.png\" alt=\"\" width=\"665\" height=\"886\" srcset=\"http:\/\/www.ecole-saintjoseph-mauleon.fr\/fr\/wp-content\/uploads\/2019\/01\/Affiche-RLE-respT.png 665w, http:\/\/www.ecole-saintjoseph-mauleon.fr\/fr\/wp-content\/uploads\/2019\/01\/Affiche-RLE-respT-225x300.png 225w\" sizes=\"auto, (max-width: 665px) 100vw, 665px\" \/><\/p>\n","protected":false},"excerpt":{"rendered":"<p>Du 4 au 9 f\u00e9vrier prochains, tous les acteurs de l&rsquo;enseignement catholique sont invit\u00e9s \u00e0 vivre autrement la responsabilit\u00e9. L&rsquo;\u00e9cole Saint Joseph propose un \u00ab\u00a0vis-ma-vie\u00a0\u00bb&#8230; Du lundi au vendredi : Les adultes de l&rsquo;\u00e9cole vont changer de m\u00e9tier : \u00ab\u00a0vis-ma-vie\u00a0\u00bb d&rsquo;aide-maternelle, de cantini\u00e8re, d&rsquo;enseignante de maternelle, d&rsquo;AVS&#8230; Les enfants vont changer de niveau d&rsquo;enseignement&#8230; par&hellip;<\/p>\n","protected":false},"author":5,"featured_media":7430,"comment_status":"closed","ping_status":"open","sticky":false,"template":"","format":"standard","meta":{"footnotes":""},"categories":[34],"tags":[],"class_list":["post-7429","post","type-post","status-publish","format-standard","has-post-thumbnail","hentry","category-viedelecole"],"_links":{"self":[{"href":"http:\/\/www.ecole-saintjoseph-mauleon.fr\/fr\/wp-json\/wp\/v2\/posts\/7429","targetHints":{"allow":["GET"]}}],"collection":[{"href":"http:\/\/www.ecole-saintjoseph-mauleon.fr\/fr\/wp-json\/wp\/v2\/posts"}],"about":[{"href":"http:\/\/www.ecole-saintjoseph-mauleon.fr\/fr\/wp-json\/wp\/v2\/types\/post"}],"author":[{"embeddable":true,"href":"http:\/\/www.ecole-saintjoseph-mauleon.fr\/fr\/wp-json\/wp\/v2\/users\/5"}],"replies":[{"embeddable":true,"href":"http:\/\/www.ecole-saintjoseph-mauleon.fr\/fr\/wp-json\/wp\/v2\/comments?post=7429"}],"version-history":[{"count":3,"href":"http:\/\/www.ecole-saintjoseph-mauleon.fr\/fr\/wp-json\/wp\/v2\/posts\/7429\/revisions"}],"predecessor-version":[{"id":7440,"href":"http:\/\/www.ecole-saintjoseph-mauleon.fr\/fr\/wp-json\/wp\/v2\/posts\/7429\/revisions\/7440"}],"wp:featuredmedia":[{"embeddable":true,"href":"http:\/\/www.ecole-saintjoseph-mauleon.fr\/fr\/wp-json\/wp\/v2\/media\/7430"}],"wp:attachment":[{"href":"http:\/\/www.ecole-saintjoseph-mauleon.fr\/fr\/wp-json\/wp\/v2\/media?parent=7429"}],"wp:term":[{"taxonomy":"category","embeddable":true,"href":"http:\/\/www.ecole-saintjoseph-mauleon.fr\/fr\/wp-json\/wp\/v2\/categories?post=7429"},{"taxonomy":"post_tag","embeddable":true,"href":"http:\/\/www.ecole-saintjoseph-mauleon.fr\/fr\/wp-json\/wp\/v2\/tags?post=7429"}],"curies":[{"name":"wp","href":"https:\/\/api.w.org\/{rel}","templated":true}]}}