{"id":7306,"date":"2018-11-29T11:34:26","date_gmt":"2018-11-29T10:34:26","guid":{"rendered":"http:\/\/www.ecole-saintjoseph-mauleon.fr\/fr\/?p=7306"},"modified":"2018-11-29T11:34:26","modified_gmt":"2018-11-29T10:34:26","slug":"musee-de-bressuire-projet-les-poilus-cm2","status":"publish","type":"post","link":"http:\/\/www.ecole-saintjoseph-mauleon.fr\/fr\/2018\/11\/29\/musee-de-bressuire-projet-les-poilus-cm2\/","title":{"rendered":"Mus\u00e9e de Bressuire &#8211; Projet \u00ab\u00a0les poilus\u00a0\u00bb &#8211; CM2"},"content":{"rendered":"<p>Lundi 19 novembre, les CM2 ont poursuivi\u00a0 leur projet sur les poilus de la 1<sup>\u00e8re<\/sup> guerre mondiale\u00a0: ils ont visit\u00e9 le mus\u00e9e de Bressuire qui h\u00e9berge une exposition temporaire sur les souvenirs de cette guerre et ensuite ont particip\u00e9 \u00e0 un atelier de fabrication d\u2019un objet \u00e0 la mani\u00e8re des soldats de l\u2019\u00e9poque (qui fabriquaient avec peu de choses pour s\u2019occuper).<\/p>\n<p><img loading=\"lazy\" decoding=\"async\" class=\"alignnone size-large wp-image-7307\" src=\"http:\/\/www.ecole-saintjoseph-mauleon.fr\/fr\/wp-content\/uploads\/2018\/11\/IMG_20181119_142316-1024x768.jpg\" alt=\"\" width=\"1024\" height=\"768\" srcset=\"http:\/\/www.ecole-saintjoseph-mauleon.fr\/fr\/wp-content\/uploads\/2018\/11\/IMG_20181119_142316-1024x768.jpg 1024w, http:\/\/www.ecole-saintjoseph-mauleon.fr\/fr\/wp-content\/uploads\/2018\/11\/IMG_20181119_142316-300x225.jpg 300w, http:\/\/www.ecole-saintjoseph-mauleon.fr\/fr\/wp-content\/uploads\/2018\/11\/IMG_20181119_142316-768x576.jpg 768w, http:\/\/www.ecole-saintjoseph-mauleon.fr\/fr\/wp-content\/uploads\/2018\/11\/IMG_20181119_142316.jpg 1600w\" sizes=\"auto, (max-width: 1024px) 100vw, 1024px\" \/> <img loading=\"lazy\" decoding=\"async\" class=\"alignnone size-large wp-image-7308\" src=\"http:\/\/www.ecole-saintjoseph-mauleon.fr\/fr\/wp-content\/uploads\/2018\/11\/IMG_20181119_150711-1024x768.jpg\" alt=\"\" width=\"1024\" height=\"768\" srcset=\"http:\/\/www.ecole-saintjoseph-mauleon.fr\/fr\/wp-content\/uploads\/2018\/11\/IMG_20181119_150711-1024x768.jpg 1024w, http:\/\/www.ecole-saintjoseph-mauleon.fr\/fr\/wp-content\/uploads\/2018\/11\/IMG_20181119_150711-300x225.jpg 300w, http:\/\/www.ecole-saintjoseph-mauleon.fr\/fr\/wp-content\/uploads\/2018\/11\/IMG_20181119_150711-768x576.jpg 768w, http:\/\/www.ecole-saintjoseph-mauleon.fr\/fr\/wp-content\/uploads\/2018\/11\/IMG_20181119_150711.jpg 1600w\" sizes=\"auto, (max-width: 1024px) 100vw, 1024px\" \/> <img loading=\"lazy\" decoding=\"async\" class=\"alignnone size-large wp-image-7309\" src=\"http:\/\/www.ecole-saintjoseph-mauleon.fr\/fr\/wp-content\/uploads\/2018\/11\/IMG_20181119_150754-1024x768.jpg\" alt=\"\" width=\"1024\" height=\"768\" srcset=\"http:\/\/www.ecole-saintjoseph-mauleon.fr\/fr\/wp-content\/uploads\/2018\/11\/IMG_20181119_150754-1024x768.jpg 1024w, http:\/\/www.ecole-saintjoseph-mauleon.fr\/fr\/wp-content\/uploads\/2018\/11\/IMG_20181119_150754-300x225.jpg 300w, http:\/\/www.ecole-saintjoseph-mauleon.fr\/fr\/wp-content\/uploads\/2018\/11\/IMG_20181119_150754-768x576.jpg 768w, http:\/\/www.ecole-saintjoseph-mauleon.fr\/fr\/wp-content\/uploads\/2018\/11\/IMG_20181119_150754.jpg 1600w\" sizes=\"auto, (max-width: 1024px) 100vw, 1024px\" \/> <img loading=\"lazy\" decoding=\"async\" class=\"alignnone size-large wp-image-7310\" src=\"http:\/\/www.ecole-saintjoseph-mauleon.fr\/fr\/wp-content\/uploads\/2018\/11\/IMG_20181119_151840-1024x768.jpg\" alt=\"\" width=\"1024\" height=\"768\" srcset=\"http:\/\/www.ecole-saintjoseph-mauleon.fr\/fr\/wp-content\/uploads\/2018\/11\/IMG_20181119_151840-1024x768.jpg 1024w, http:\/\/www.ecole-saintjoseph-mauleon.fr\/fr\/wp-content\/uploads\/2018\/11\/IMG_20181119_151840-300x225.jpg 300w, http:\/\/www.ecole-saintjoseph-mauleon.fr\/fr\/wp-content\/uploads\/2018\/11\/IMG_20181119_151840-768x576.jpg 768w, http:\/\/www.ecole-saintjoseph-mauleon.fr\/fr\/wp-content\/uploads\/2018\/11\/IMG_20181119_151840.jpg 1600w\" sizes=\"auto, (max-width: 1024px) 100vw, 1024px\" \/><\/p>\n","protected":false},"excerpt":{"rendered":"<p>Lundi 19 novembre, les CM2 ont poursuivi\u00a0 leur projet sur les poilus de la 1\u00e8re guerre mondiale\u00a0: ils ont visit\u00e9 le mus\u00e9e de Bressuire qui h\u00e9berge une exposition temporaire sur les souvenirs de cette guerre et ensuite ont particip\u00e9 \u00e0 un atelier de fabrication d\u2019un objet \u00e0 la mani\u00e8re des soldats de l\u2019\u00e9poque (qui fabriquaient&hellip;<\/p>\n","protected":false},"author":5,"featured_media":7309,"comment_status":"closed","ping_status":"open","sticky":false,"template":"","format":"standard","meta":{"footnotes":""},"categories":[33],"tags":[],"class_list":["post-7306","post","type-post","status-publish","format-standard","has-post-thumbnail","hentry","category-cycle3"],"_links":{"self":[{"href":"http:\/\/www.ecole-saintjoseph-mauleon.fr\/fr\/wp-json\/wp\/v2\/posts\/7306","targetHints":{"allow":["GET"]}}],"collection":[{"href":"http:\/\/www.ecole-saintjoseph-mauleon.fr\/fr\/wp-json\/wp\/v2\/posts"}],"about":[{"href":"http:\/\/www.ecole-saintjoseph-mauleon.fr\/fr\/wp-json\/wp\/v2\/types\/post"}],"author":[{"embeddable":true,"href":"http:\/\/www.ecole-saintjoseph-mauleon.fr\/fr\/wp-json\/wp\/v2\/users\/5"}],"replies":[{"embeddable":true,"href":"http:\/\/www.ecole-saintjoseph-mauleon.fr\/fr\/wp-json\/wp\/v2\/comments?post=7306"}],"version-history":[{"count":1,"href":"http:\/\/www.ecole-saintjoseph-mauleon.fr\/fr\/wp-json\/wp\/v2\/posts\/7306\/revisions"}],"predecessor-version":[{"id":7311,"href":"http:\/\/www.ecole-saintjoseph-mauleon.fr\/fr\/wp-json\/wp\/v2\/posts\/7306\/revisions\/7311"}],"wp:featuredmedia":[{"embeddable":true,"href":"http:\/\/www.ecole-saintjoseph-mauleon.fr\/fr\/wp-json\/wp\/v2\/media\/7309"}],"wp:attachment":[{"href":"http:\/\/www.ecole-saintjoseph-mauleon.fr\/fr\/wp-json\/wp\/v2\/media?parent=7306"}],"wp:term":[{"taxonomy":"category","embeddable":true,"href":"http:\/\/www.ecole-saintjoseph-mauleon.fr\/fr\/wp-json\/wp\/v2\/categories?post=7306"},{"taxonomy":"post_tag","embeddable":true,"href":"http:\/\/www.ecole-saintjoseph-mauleon.fr\/fr\/wp-json\/wp\/v2\/tags?post=7306"}],"curies":[{"name":"wp","href":"https:\/\/api.w.org\/{rel}","templated":true}]}}