{"id":7292,"date":"2018-11-24T15:07:39","date_gmt":"2018-11-24T14:07:39","guid":{"rendered":"http:\/\/www.ecole-saintjoseph-mauleon.fr\/fr\/?p=7292"},"modified":"2018-11-24T17:29:59","modified_gmt":"2018-11-24T16:29:59","slug":"fete-de-noel-7-decembre-2018","status":"publish","type":"post","link":"http:\/\/www.ecole-saintjoseph-mauleon.fr\/fr\/2018\/11\/24\/fete-de-noel-7-decembre-2018\/","title":{"rendered":"F\u00eate de No\u00ebl &#8211; 7 D\u00e9cembre 2018"},"content":{"rendered":"<p>Cette ann\u00e9e, la f\u00eate de No\u00ebl de l&rsquo;\u00e9cole aura lieu sur la cour de l&rsquo;\u00e9cole Saint Joseph, le <span style=\"color: #003300;\"><strong>vendredi 7 D\u00e9cembre \u00e0 19h30<\/strong><\/span> !<\/p>\n<p>Nous illuminerons la cour avec les lampions fabriqu\u00e9s par les enfants&#8230;<\/p>\n<p>Nous chanterons tous ensemble&#8230;<\/p>\n<p>L&rsquo;apel distribuera les lots de tombola ainsi que les chocolats command\u00e9s par les familles.<\/p>\n<p style=\"text-align: center;\"><span style=\"color: #ff0000;\"><strong>Venez nombreux pour cette belle soir\u00e9e de No\u00ebl !<\/strong><\/span><\/p>\n<p><img loading=\"lazy\" decoding=\"async\" class=\"alignnone size-full wp-image-7297 aligncenter\" src=\"http:\/\/www.ecole-saintjoseph-mauleon.fr\/fr\/wp-content\/uploads\/2018\/11\/No\u00ebl.png\" alt=\"\" width=\"535\" height=\"763\" srcset=\"http:\/\/www.ecole-saintjoseph-mauleon.fr\/fr\/wp-content\/uploads\/2018\/11\/No\u00ebl.png 535w, http:\/\/www.ecole-saintjoseph-mauleon.fr\/fr\/wp-content\/uploads\/2018\/11\/No\u00ebl-210x300.png 210w\" sizes=\"auto, (max-width: 535px) 100vw, 535px\" \/><\/p>\n<p><img loading=\"lazy\" decoding=\"async\" class=\"size-full wp-image-7293\" src=\"http:\/\/www.ecole-saintjoseph-mauleon.fr\/fr\/wp-content\/uploads\/2018\/11\/Messe-de-minuit-Noel-Veillee-bougie-\u00a9-josje71-Fotolia.com_.jpg\" alt=\"\" width=\"426\" height=\"282\" srcset=\"http:\/\/www.ecole-saintjoseph-mauleon.fr\/fr\/wp-content\/uploads\/2018\/11\/Messe-de-minuit-Noel-Veillee-bougie-\u00a9-josje71-Fotolia.com_.jpg 426w, http:\/\/www.ecole-saintjoseph-mauleon.fr\/fr\/wp-content\/uploads\/2018\/11\/Messe-de-minuit-Noel-Veillee-bougie-\u00a9-josje71-Fotolia.com_-300x199.jpg 300w\" sizes=\"auto, (max-width: 426px) 100vw, 426px\" \/><\/p>\n","protected":false},"excerpt":{"rendered":"<p>Cette ann\u00e9e, la f\u00eate de No\u00ebl de l&rsquo;\u00e9cole aura lieu sur la cour de l&rsquo;\u00e9cole Saint Joseph, le vendredi 7 D\u00e9cembre \u00e0 19h30 ! Nous illuminerons la cour avec les lampions fabriqu\u00e9s par les enfants&#8230; Nous chanterons tous ensemble&#8230; L&rsquo;apel distribuera les lots de tombola ainsi que les chocolats command\u00e9s par les familles. Venez nombreux&hellip;<\/p>\n","protected":false},"author":5,"featured_media":7293,"comment_status":"closed","ping_status":"open","sticky":false,"template":"","format":"standard","meta":{"footnotes":""},"categories":[34],"tags":[],"class_list":["post-7292","post","type-post","status-publish","format-standard","has-post-thumbnail","hentry","category-viedelecole"],"_links":{"self":[{"href":"http:\/\/www.ecole-saintjoseph-mauleon.fr\/fr\/wp-json\/wp\/v2\/posts\/7292","targetHints":{"allow":["GET"]}}],"collection":[{"href":"http:\/\/www.ecole-saintjoseph-mauleon.fr\/fr\/wp-json\/wp\/v2\/posts"}],"about":[{"href":"http:\/\/www.ecole-saintjoseph-mauleon.fr\/fr\/wp-json\/wp\/v2\/types\/post"}],"author":[{"embeddable":true,"href":"http:\/\/www.ecole-saintjoseph-mauleon.fr\/fr\/wp-json\/wp\/v2\/users\/5"}],"replies":[{"embeddable":true,"href":"http:\/\/www.ecole-saintjoseph-mauleon.fr\/fr\/wp-json\/wp\/v2\/comments?post=7292"}],"version-history":[{"count":3,"href":"http:\/\/www.ecole-saintjoseph-mauleon.fr\/fr\/wp-json\/wp\/v2\/posts\/7292\/revisions"}],"predecessor-version":[{"id":7298,"href":"http:\/\/www.ecole-saintjoseph-mauleon.fr\/fr\/wp-json\/wp\/v2\/posts\/7292\/revisions\/7298"}],"wp:featuredmedia":[{"embeddable":true,"href":"http:\/\/www.ecole-saintjoseph-mauleon.fr\/fr\/wp-json\/wp\/v2\/media\/7293"}],"wp:attachment":[{"href":"http:\/\/www.ecole-saintjoseph-mauleon.fr\/fr\/wp-json\/wp\/v2\/media?parent=7292"}],"wp:term":[{"taxonomy":"category","embeddable":true,"href":"http:\/\/www.ecole-saintjoseph-mauleon.fr\/fr\/wp-json\/wp\/v2\/categories?post=7292"},{"taxonomy":"post_tag","embeddable":true,"href":"http:\/\/www.ecole-saintjoseph-mauleon.fr\/fr\/wp-json\/wp\/v2\/tags?post=7292"}],"curies":[{"name":"wp","href":"https:\/\/api.w.org\/{rel}","templated":true}]}}