{"id":7212,"date":"2018-11-08T11:47:59","date_gmt":"2018-11-08T10:47:59","guid":{"rendered":"http:\/\/www.ecole-saintjoseph-mauleon.fr\/fr\/?p=7212"},"modified":"2018-11-08T11:48:21","modified_gmt":"2018-11-08T10:48:21","slug":"7212","status":"publish","type":"post","link":"http:\/\/www.ecole-saintjoseph-mauleon.fr\/fr\/2018\/11\/08\/7212\/","title":{"rendered":"Comm\u00e9moration &#8211; 11 Novembre 1918"},"content":{"rendered":"<div>Le dimanche 11 Novembre, la France comm\u00e9morera avec faste le 100\u00e8me anniversaire de la fin des hostilit\u00e9s du premier conflit mondial.<\/div>\n<div>La ville de Maul\u00e9on organise donc une c\u00e9r\u00e9monie au cours de laquelle la population sera invit\u00e9e \u00e0 se souvenir de tous ceux qui ont pris part \u00e0 cette guerre.<\/div>\n<div><\/div>\n<div><u>La municipalit\u00e9 de Maul\u00e9on et l&rsquo;\u00e9cole Saint Joseph souhaitent la pr\u00e9sence de nos enfants.<\/u><\/div>\n<div><\/div>\n<div>&#8211; 10h : Accueil des personnalit\u00e9s, place de l\u2019H\u00f4tel de ville, Maul\u00e9on.<\/div>\n<div>&#8211; 10h30 : C\u00e9r\u00e9monie religieuse, \u00c9glise de la Trinit\u00e9.<\/div>\n<div>&#8211; 11h30 : Rassemblement, d\u00e9fil\u00e9 vers le monument aux morts.<\/div>\n<div>&#8211; 11h45 : C\u00e9r\u00e9monie, mont\u00e9e des couleurs, d\u00e9p\u00f4t de gerbes, remises de d\u00e9coration, monument aux morts.<\/div>\n<div><\/div>\n<div>Merci de votre participation.<\/div>\n<div><\/div>\n","protected":false},"excerpt":{"rendered":"<p>Le dimanche 11 Novembre, la France comm\u00e9morera avec faste le 100\u00e8me anniversaire de la fin des hostilit\u00e9s du premier conflit mondial. La ville de Maul\u00e9on organise donc une c\u00e9r\u00e9monie au cours de laquelle la population sera invit\u00e9e \u00e0 se souvenir de tous ceux qui ont pris part \u00e0 cette guerre. La municipalit\u00e9 de Maul\u00e9on et&hellip;<\/p>\n","protected":false},"author":5,"featured_media":7213,"comment_status":"closed","ping_status":"open","sticky":false,"template":"","format":"standard","meta":{"footnotes":""},"categories":[1],"tags":[],"class_list":["post-7212","post","type-post","status-publish","format-standard","has-post-thumbnail","hentry","category-non-classe"],"_links":{"self":[{"href":"http:\/\/www.ecole-saintjoseph-mauleon.fr\/fr\/wp-json\/wp\/v2\/posts\/7212","targetHints":{"allow":["GET"]}}],"collection":[{"href":"http:\/\/www.ecole-saintjoseph-mauleon.fr\/fr\/wp-json\/wp\/v2\/posts"}],"about":[{"href":"http:\/\/www.ecole-saintjoseph-mauleon.fr\/fr\/wp-json\/wp\/v2\/types\/post"}],"author":[{"embeddable":true,"href":"http:\/\/www.ecole-saintjoseph-mauleon.fr\/fr\/wp-json\/wp\/v2\/users\/5"}],"replies":[{"embeddable":true,"href":"http:\/\/www.ecole-saintjoseph-mauleon.fr\/fr\/wp-json\/wp\/v2\/comments?post=7212"}],"version-history":[{"count":2,"href":"http:\/\/www.ecole-saintjoseph-mauleon.fr\/fr\/wp-json\/wp\/v2\/posts\/7212\/revisions"}],"predecessor-version":[{"id":7215,"href":"http:\/\/www.ecole-saintjoseph-mauleon.fr\/fr\/wp-json\/wp\/v2\/posts\/7212\/revisions\/7215"}],"wp:featuredmedia":[{"embeddable":true,"href":"http:\/\/www.ecole-saintjoseph-mauleon.fr\/fr\/wp-json\/wp\/v2\/media\/7213"}],"wp:attachment":[{"href":"http:\/\/www.ecole-saintjoseph-mauleon.fr\/fr\/wp-json\/wp\/v2\/media?parent=7212"}],"wp:term":[{"taxonomy":"category","embeddable":true,"href":"http:\/\/www.ecole-saintjoseph-mauleon.fr\/fr\/wp-json\/wp\/v2\/categories?post=7212"},{"taxonomy":"post_tag","embeddable":true,"href":"http:\/\/www.ecole-saintjoseph-mauleon.fr\/fr\/wp-json\/wp\/v2\/tags?post=7212"}],"curies":[{"name":"wp","href":"https:\/\/api.w.org\/{rel}","templated":true}]}}