{"id":6971,"date":"2018-08-29T17:13:20","date_gmt":"2018-08-29T15:13:20","guid":{"rendered":"http:\/\/www.ecole-saintjoseph-mauleon.fr\/fr\/?p=6971"},"modified":"2018-08-29T17:13:20","modified_gmt":"2018-08-29T15:13:20","slug":"cest-bientot-la-rentree","status":"publish","type":"post","link":"http:\/\/www.ecole-saintjoseph-mauleon.fr\/fr\/2018\/08\/29\/cest-bientot-la-rentree\/","title":{"rendered":"C&rsquo;est bient\u00f4t la rentr\u00e9e !"},"content":{"rendered":"<p>Les cartables s&rsquo;impatientent&#8230;<\/p>\n<p>Les enfants s&rsquo;agitent&#8230;<\/p>\n<p>Les enseignantes pr\u00e9parent les cahiers&#8230;<\/p>\n<p style=\"text-align: center;\">La rentr\u00e9e approche,<\/p>\n<p style=\"text-align: center;\">On se retrouve le lundi 3 Septembre !<\/p>\n<p>Pour les familles, un caf\u00e9 sera offert par les parents de l&rsquo;apel sur la cour de l&rsquo;\u00e9cole. Venez nous rejoindre !<\/p>\n","protected":false},"excerpt":{"rendered":"<p>Les cartables s&rsquo;impatientent&#8230; Les enfants s&rsquo;agitent&#8230; Les enseignantes pr\u00e9parent les cahiers&#8230; La rentr\u00e9e approche, On se retrouve le lundi 3 Septembre ! Pour les familles, un caf\u00e9 sera offert par les parents de l&rsquo;apel sur la cour de l&rsquo;\u00e9cole. Venez nous rejoindre !<\/p>\n","protected":false},"author":5,"featured_media":0,"comment_status":"closed","ping_status":"open","sticky":false,"template":"","format":"standard","meta":{"footnotes":""},"categories":[1],"tags":[],"class_list":["post-6971","post","type-post","status-publish","format-standard","hentry","category-non-classe"],"_links":{"self":[{"href":"http:\/\/www.ecole-saintjoseph-mauleon.fr\/fr\/wp-json\/wp\/v2\/posts\/6971","targetHints":{"allow":["GET"]}}],"collection":[{"href":"http:\/\/www.ecole-saintjoseph-mauleon.fr\/fr\/wp-json\/wp\/v2\/posts"}],"about":[{"href":"http:\/\/www.ecole-saintjoseph-mauleon.fr\/fr\/wp-json\/wp\/v2\/types\/post"}],"author":[{"embeddable":true,"href":"http:\/\/www.ecole-saintjoseph-mauleon.fr\/fr\/wp-json\/wp\/v2\/users\/5"}],"replies":[{"embeddable":true,"href":"http:\/\/www.ecole-saintjoseph-mauleon.fr\/fr\/wp-json\/wp\/v2\/comments?post=6971"}],"version-history":[{"count":1,"href":"http:\/\/www.ecole-saintjoseph-mauleon.fr\/fr\/wp-json\/wp\/v2\/posts\/6971\/revisions"}],"predecessor-version":[{"id":6972,"href":"http:\/\/www.ecole-saintjoseph-mauleon.fr\/fr\/wp-json\/wp\/v2\/posts\/6971\/revisions\/6972"}],"wp:attachment":[{"href":"http:\/\/www.ecole-saintjoseph-mauleon.fr\/fr\/wp-json\/wp\/v2\/media?parent=6971"}],"wp:term":[{"taxonomy":"category","embeddable":true,"href":"http:\/\/www.ecole-saintjoseph-mauleon.fr\/fr\/wp-json\/wp\/v2\/categories?post=6971"},{"taxonomy":"post_tag","embeddable":true,"href":"http:\/\/www.ecole-saintjoseph-mauleon.fr\/fr\/wp-json\/wp\/v2\/tags?post=6971"}],"curies":[{"name":"wp","href":"https:\/\/api.w.org\/{rel}","templated":true}]}}