{"id":6743,"date":"2018-06-22T14:45:11","date_gmt":"2018-06-22T12:45:11","guid":{"rendered":"http:\/\/www.ecole-saintjoseph-mauleon.fr\/fr\/?p=6743"},"modified":"2018-06-22T14:45:11","modified_gmt":"2018-06-22T12:45:11","slug":"le-spectacle-de-la-kermesse-se-prepare","status":"publish","type":"post","link":"http:\/\/www.ecole-saintjoseph-mauleon.fr\/fr\/2018\/06\/22\/le-spectacle-de-la-kermesse-se-prepare\/","title":{"rendered":"Le spectacle de la Kermesse se pr\u00e9pare !!"},"content":{"rendered":"<p>Les r\u00e9p\u00e9titions vont bon train sur la cour de l&rsquo;\u00e9cole en ce vendredi matin !<\/p>\n<p>Le soleil est l\u00e0&#8230; les enfants sont tr\u00e8s attentifs et enjou\u00e9s \u00e0 l&rsquo;id\u00e9e de danser devant les familles de l&rsquo;\u00e9cole demain apr\u00e8s-midi !<\/p>\n<p><img loading=\"lazy\" decoding=\"async\" class=\"alignnone size-full wp-image-6744\" src=\"http:\/\/www.ecole-saintjoseph-mauleon.fr\/fr\/wp-content\/uploads\/2018\/06\/IMG_6864.jpg\" alt=\"\" width=\"480\" height=\"640\" \/> <img loading=\"lazy\" decoding=\"async\" class=\"alignnone size-large wp-image-6745\" src=\"http:\/\/www.ecole-saintjoseph-mauleon.fr\/fr\/wp-content\/uploads\/2018\/06\/IMG_6865.jpg\" alt=\"\" width=\"480\" height=\"640\" \/> <img loading=\"lazy\" decoding=\"async\" class=\"alignnone size-large wp-image-6746\" src=\"http:\/\/www.ecole-saintjoseph-mauleon.fr\/fr\/wp-content\/uploads\/2018\/06\/IMG_6866.jpg\" alt=\"\" width=\"480\" height=\"640\" \/> <img loading=\"lazy\" decoding=\"async\" class=\"alignnone size-large wp-image-6747\" src=\"http:\/\/www.ecole-saintjoseph-mauleon.fr\/fr\/wp-content\/uploads\/2018\/06\/IMG_6867.jpg\" alt=\"\" width=\"480\" height=\"640\" \/> <img loading=\"lazy\" decoding=\"async\" class=\"alignnone size-large wp-image-6748\" src=\"http:\/\/www.ecole-saintjoseph-mauleon.fr\/fr\/wp-content\/uploads\/2018\/06\/IMG_6868.jpg\" alt=\"\" width=\"480\" height=\"640\" \/> <img loading=\"lazy\" decoding=\"async\" class=\"alignnone size-large wp-image-6749\" src=\"http:\/\/www.ecole-saintjoseph-mauleon.fr\/fr\/wp-content\/uploads\/2018\/06\/IMG_6869.jpg\" alt=\"\" width=\"640\" height=\"480\" srcset=\"http:\/\/www.ecole-saintjoseph-mauleon.fr\/fr\/wp-content\/uploads\/2018\/06\/IMG_6869.jpg 640w, http:\/\/www.ecole-saintjoseph-mauleon.fr\/fr\/wp-content\/uploads\/2018\/06\/IMG_6869-300x225.jpg 300w\" sizes=\"auto, (max-width: 640px) 100vw, 640px\" \/> <img loading=\"lazy\" decoding=\"async\" class=\"alignnone size-large wp-image-6750\" src=\"http:\/\/www.ecole-saintjoseph-mauleon.fr\/fr\/wp-content\/uploads\/2018\/06\/IMG_6870.jpg\" alt=\"\" width=\"480\" height=\"640\" \/> <img loading=\"lazy\" decoding=\"async\" class=\"alignnone size-large wp-image-6751\" src=\"http:\/\/www.ecole-saintjoseph-mauleon.fr\/fr\/wp-content\/uploads\/2018\/06\/IMG_6871.jpg\" alt=\"\" width=\"480\" height=\"640\" \/> <img loading=\"lazy\" decoding=\"async\" class=\"alignnone size-large wp-image-6752\" src=\"http:\/\/www.ecole-saintjoseph-mauleon.fr\/fr\/wp-content\/uploads\/2018\/06\/IMG_6872.jpg\" alt=\"\" width=\"480\" height=\"640\" \/> <img loading=\"lazy\" decoding=\"async\" class=\"alignnone size-large wp-image-6753\" src=\"http:\/\/www.ecole-saintjoseph-mauleon.fr\/fr\/wp-content\/uploads\/2018\/06\/IMG_6873.jpg\" alt=\"\" width=\"640\" height=\"480\" srcset=\"http:\/\/www.ecole-saintjoseph-mauleon.fr\/fr\/wp-content\/uploads\/2018\/06\/IMG_6873.jpg 640w, http:\/\/www.ecole-saintjoseph-mauleon.fr\/fr\/wp-content\/uploads\/2018\/06\/IMG_6873-300x225.jpg 300w\" sizes=\"auto, (max-width: 640px) 100vw, 640px\" \/> <img loading=\"lazy\" decoding=\"async\" class=\"alignnone size-large wp-image-6754\" src=\"http:\/\/www.ecole-saintjoseph-mauleon.fr\/fr\/wp-content\/uploads\/2018\/06\/IMG_6874.jpg\" alt=\"\" width=\"640\" height=\"480\" srcset=\"http:\/\/www.ecole-saintjoseph-mauleon.fr\/fr\/wp-content\/uploads\/2018\/06\/IMG_6874.jpg 640w, http:\/\/www.ecole-saintjoseph-mauleon.fr\/fr\/wp-content\/uploads\/2018\/06\/IMG_6874-300x225.jpg 300w\" sizes=\"auto, (max-width: 640px) 100vw, 640px\" \/> <img loading=\"lazy\" decoding=\"async\" class=\"alignnone size-large wp-image-6755\" src=\"http:\/\/www.ecole-saintjoseph-mauleon.fr\/fr\/wp-content\/uploads\/2018\/06\/IMG_6875.jpg\" alt=\"\" width=\"480\" height=\"640\" \/> <img loading=\"lazy\" decoding=\"async\" class=\"alignnone size-large wp-image-6756\" src=\"http:\/\/www.ecole-saintjoseph-mauleon.fr\/fr\/wp-content\/uploads\/2018\/06\/IMG_6876.jpg\" alt=\"\" width=\"480\" height=\"640\" \/> <img loading=\"lazy\" decoding=\"async\" class=\"alignnone size-large wp-image-6757\" src=\"http:\/\/www.ecole-saintjoseph-mauleon.fr\/fr\/wp-content\/uploads\/2018\/06\/IMG_6877.jpg\" alt=\"\" width=\"480\" height=\"640\" \/> <img loading=\"lazy\" decoding=\"async\" class=\"alignnone size-large wp-image-6758\" src=\"http:\/\/www.ecole-saintjoseph-mauleon.fr\/fr\/wp-content\/uploads\/2018\/06\/IMG_6878.jpg\" alt=\"\" width=\"640\" height=\"480\" srcset=\"http:\/\/www.ecole-saintjoseph-mauleon.fr\/fr\/wp-content\/uploads\/2018\/06\/IMG_6878.jpg 640w, http:\/\/www.ecole-saintjoseph-mauleon.fr\/fr\/wp-content\/uploads\/2018\/06\/IMG_6878-300x225.jpg 300w\" sizes=\"auto, (max-width: 640px) 100vw, 640px\" \/><\/p>\n","protected":false},"excerpt":{"rendered":"<p>Les r\u00e9p\u00e9titions vont bon train sur la cour de l&rsquo;\u00e9cole en ce vendredi matin ! Le soleil est l\u00e0&#8230; les enfants sont tr\u00e8s attentifs et enjou\u00e9s \u00e0 l&rsquo;id\u00e9e de danser devant les familles de l&rsquo;\u00e9cole demain apr\u00e8s-midi !<\/p>\n","protected":false},"author":5,"featured_media":6756,"comment_status":"closed","ping_status":"open","sticky":false,"template":"","format":"standard","meta":{"footnotes":""},"categories":[34],"tags":[],"class_list":["post-6743","post","type-post","status-publish","format-standard","has-post-thumbnail","hentry","category-viedelecole"],"_links":{"self":[{"href":"http:\/\/www.ecole-saintjoseph-mauleon.fr\/fr\/wp-json\/wp\/v2\/posts\/6743","targetHints":{"allow":["GET"]}}],"collection":[{"href":"http:\/\/www.ecole-saintjoseph-mauleon.fr\/fr\/wp-json\/wp\/v2\/posts"}],"about":[{"href":"http:\/\/www.ecole-saintjoseph-mauleon.fr\/fr\/wp-json\/wp\/v2\/types\/post"}],"author":[{"embeddable":true,"href":"http:\/\/www.ecole-saintjoseph-mauleon.fr\/fr\/wp-json\/wp\/v2\/users\/5"}],"replies":[{"embeddable":true,"href":"http:\/\/www.ecole-saintjoseph-mauleon.fr\/fr\/wp-json\/wp\/v2\/comments?post=6743"}],"version-history":[{"count":1,"href":"http:\/\/www.ecole-saintjoseph-mauleon.fr\/fr\/wp-json\/wp\/v2\/posts\/6743\/revisions"}],"predecessor-version":[{"id":6759,"href":"http:\/\/www.ecole-saintjoseph-mauleon.fr\/fr\/wp-json\/wp\/v2\/posts\/6743\/revisions\/6759"}],"wp:featuredmedia":[{"embeddable":true,"href":"http:\/\/www.ecole-saintjoseph-mauleon.fr\/fr\/wp-json\/wp\/v2\/media\/6756"}],"wp:attachment":[{"href":"http:\/\/www.ecole-saintjoseph-mauleon.fr\/fr\/wp-json\/wp\/v2\/media?parent=6743"}],"wp:term":[{"taxonomy":"category","embeddable":true,"href":"http:\/\/www.ecole-saintjoseph-mauleon.fr\/fr\/wp-json\/wp\/v2\/categories?post=6743"},{"taxonomy":"post_tag","embeddable":true,"href":"http:\/\/www.ecole-saintjoseph-mauleon.fr\/fr\/wp-json\/wp\/v2\/tags?post=6743"}],"curies":[{"name":"wp","href":"https:\/\/api.w.org\/{rel}","templated":true}]}}