{"id":6712,"date":"2018-05-31T15:15:06","date_gmt":"2018-05-31T13:15:06","guid":{"rendered":"http:\/\/www.ecole-saintjoseph-mauleon.fr\/fr\/?p=6712"},"modified":"2018-05-31T15:15:06","modified_gmt":"2018-05-31T13:15:06","slug":"operation-un-livre-pour-les-vacances-edition-2018","status":"publish","type":"post","link":"http:\/\/www.ecole-saintjoseph-mauleon.fr\/fr\/2018\/05\/31\/operation-un-livre-pour-les-vacances-edition-2018\/","title":{"rendered":"Op\u00e9ration \u00ab\u00a0un livre pour les vacances\u00a0\u00bb &#8211; \u00c9dition 2018"},"content":{"rendered":"<p>L&rsquo;acquisition et le d\u00e9veloppement du go\u00fbt et de l&rsquo;int\u00e9r\u00eat pour la lecture font partie des grandes missions de l&rsquo;\u00e9cole, qui doit encourager les enfants \u00e0 fr\u00e9quenter le plus possible des \u0153uvres litt\u00e9raires de qualit\u00e9, adapt\u00e9es \u00e0 leur \u00e2ge et \u00e0 leurs capacit\u00e9s.<\/p>\n<p>Dans ce cadre, le ministre de l\u2019\u00c9ducation Nationale a souhait\u00e9 que les \u00e9coliers de CM2 quittent l&rsquo;\u00e9cole primaire avec un livre \u00e0 lire durant les vacances d&rsquo;\u00e9t\u00e9 afin de renforcer le go\u00fbt et la pratique de la lecture chez les \u00e9l\u00e8ves qui vont entrer au coll\u00e8ge et de partager le plaisir de sa lecture avec leur famille, leurs camarades, leurs enseignants.<\/p>\n<p>Ce livre sera offert prochainement \u00e0 l&rsquo;ensemble des \u00e9l\u00e8ves de CM2 de l&rsquo;\u00e9cole St Joseph.<\/p>\n<p><img loading=\"lazy\" decoding=\"async\" class=\"alignnone size-large wp-image-6713\" src=\"http:\/\/www.ecole-saintjoseph-mauleon.fr\/fr\/wp-content\/uploads\/2018\/05\/IMG_3586-e1527772432725-768x1024.jpg\" alt=\"\" width=\"768\" height=\"1024\" srcset=\"http:\/\/www.ecole-saintjoseph-mauleon.fr\/fr\/wp-content\/uploads\/2018\/05\/IMG_3586-e1527772432725-768x1024.jpg 768w, http:\/\/www.ecole-saintjoseph-mauleon.fr\/fr\/wp-content\/uploads\/2018\/05\/IMG_3586-e1527772432725-225x300.jpg 225w, http:\/\/www.ecole-saintjoseph-mauleon.fr\/fr\/wp-content\/uploads\/2018\/05\/IMG_3586-e1527772432725.jpg 1200w\" sizes=\"auto, (max-width: 768px) 100vw, 768px\" \/><\/p>\n","protected":false},"excerpt":{"rendered":"<p>L&rsquo;acquisition et le d\u00e9veloppement du go\u00fbt et de l&rsquo;int\u00e9r\u00eat pour la lecture font partie des grandes missions de l&rsquo;\u00e9cole, qui doit encourager les enfants \u00e0 fr\u00e9quenter le plus possible des \u0153uvres litt\u00e9raires de qualit\u00e9, adapt\u00e9es \u00e0 leur \u00e2ge et \u00e0 leurs capacit\u00e9s. Dans ce cadre, le ministre de l\u2019\u00c9ducation Nationale a souhait\u00e9 que les \u00e9coliers&hellip;<\/p>\n","protected":false},"author":5,"featured_media":6713,"comment_status":"closed","ping_status":"open","sticky":false,"template":"","format":"standard","meta":{"footnotes":""},"categories":[1],"tags":[],"class_list":["post-6712","post","type-post","status-publish","format-standard","has-post-thumbnail","hentry","category-non-classe"],"_links":{"self":[{"href":"http:\/\/www.ecole-saintjoseph-mauleon.fr\/fr\/wp-json\/wp\/v2\/posts\/6712","targetHints":{"allow":["GET"]}}],"collection":[{"href":"http:\/\/www.ecole-saintjoseph-mauleon.fr\/fr\/wp-json\/wp\/v2\/posts"}],"about":[{"href":"http:\/\/www.ecole-saintjoseph-mauleon.fr\/fr\/wp-json\/wp\/v2\/types\/post"}],"author":[{"embeddable":true,"href":"http:\/\/www.ecole-saintjoseph-mauleon.fr\/fr\/wp-json\/wp\/v2\/users\/5"}],"replies":[{"embeddable":true,"href":"http:\/\/www.ecole-saintjoseph-mauleon.fr\/fr\/wp-json\/wp\/v2\/comments?post=6712"}],"version-history":[{"count":1,"href":"http:\/\/www.ecole-saintjoseph-mauleon.fr\/fr\/wp-json\/wp\/v2\/posts\/6712\/revisions"}],"predecessor-version":[{"id":6714,"href":"http:\/\/www.ecole-saintjoseph-mauleon.fr\/fr\/wp-json\/wp\/v2\/posts\/6712\/revisions\/6714"}],"wp:featuredmedia":[{"embeddable":true,"href":"http:\/\/www.ecole-saintjoseph-mauleon.fr\/fr\/wp-json\/wp\/v2\/media\/6713"}],"wp:attachment":[{"href":"http:\/\/www.ecole-saintjoseph-mauleon.fr\/fr\/wp-json\/wp\/v2\/media?parent=6712"}],"wp:term":[{"taxonomy":"category","embeddable":true,"href":"http:\/\/www.ecole-saintjoseph-mauleon.fr\/fr\/wp-json\/wp\/v2\/categories?post=6712"},{"taxonomy":"post_tag","embeddable":true,"href":"http:\/\/www.ecole-saintjoseph-mauleon.fr\/fr\/wp-json\/wp\/v2\/tags?post=6712"}],"curies":[{"name":"wp","href":"https:\/\/api.w.org\/{rel}","templated":true}]}}