{"id":6696,"date":"2018-05-29T15:16:43","date_gmt":"2018-05-29T13:16:43","guid":{"rendered":"http:\/\/www.ecole-saintjoseph-mauleon.fr\/fr\/?p=6696"},"modified":"2018-06-15T14:52:48","modified_gmt":"2018-06-15T12:52:48","slug":"fete-de-lecole-samedi-23-juin-2018","status":"publish","type":"post","link":"http:\/\/www.ecole-saintjoseph-mauleon.fr\/fr\/2018\/05\/29\/fete-de-lecole-samedi-23-juin-2018\/","title":{"rendered":"F\u00eate de l&rsquo;\u00e9cole Saint Joseph &#8211; Samedi 23 Juin 2018"},"content":{"rendered":"<p><img loading=\"lazy\" decoding=\"async\" class=\"wp-image-6697 size-medium aligncenter\" src=\"http:\/\/www.ecole-saintjoseph-mauleon.fr\/fr\/wp-content\/uploads\/2018\/05\/f\u00eate-de-l\u00e9cole-300x300.png\" alt=\"\" width=\"300\" height=\"300\" srcset=\"http:\/\/www.ecole-saintjoseph-mauleon.fr\/fr\/wp-content\/uploads\/2018\/05\/f\u00eate-de-l\u00e9cole-300x300.png 300w, http:\/\/www.ecole-saintjoseph-mauleon.fr\/fr\/wp-content\/uploads\/2018\/05\/f\u00eate-de-l\u00e9cole-150x150.png 150w, http:\/\/www.ecole-saintjoseph-mauleon.fr\/fr\/wp-content\/uploads\/2018\/05\/f\u00eate-de-l\u00e9cole-768x768.png 768w, http:\/\/www.ecole-saintjoseph-mauleon.fr\/fr\/wp-content\/uploads\/2018\/05\/f\u00eate-de-l\u00e9cole-1024x1024.png 1024w, http:\/\/www.ecole-saintjoseph-mauleon.fr\/fr\/wp-content\/uploads\/2018\/05\/f\u00eate-de-l\u00e9cole.png 1200w\" sizes=\"auto, (max-width: 300px) 100vw, 300px\" \/><\/p>\n<p>La f\u00eate de l&rsquo;\u00e9cole Saint Joseph aura lieu le samedi 23 Juin 2018 \u00e0 la salle de la Passerelle.<\/p>\n<p>Nous donnons rendez-vous \u00e0 l&rsquo;ensemble des enfants <strong>Place de la Mairie<\/strong> \u00e0 Maul\u00e9on \u00e0 <strong>14h30 <\/strong>pour le d\u00e9part de notre d\u00e9fil\u00e9 de la Petite Section au CM2.<\/p>\n<p>Venez nous applaudir !<\/p>\n","protected":false},"excerpt":{"rendered":"<p>La f\u00eate de l&rsquo;\u00e9cole Saint Joseph aura lieu le samedi 23 Juin 2018 \u00e0 la salle de la Passerelle. Nous donnons rendez-vous \u00e0 l&rsquo;ensemble des enfants Place de la Mairie \u00e0 Maul\u00e9on \u00e0 14h30 pour le d\u00e9part de notre d\u00e9fil\u00e9 de la Petite Section au CM2. Venez nous applaudir !<\/p>\n","protected":false},"author":5,"featured_media":6697,"comment_status":"closed","ping_status":"open","sticky":false,"template":"","format":"standard","meta":{"footnotes":""},"categories":[1],"tags":[],"class_list":["post-6696","post","type-post","status-publish","format-standard","has-post-thumbnail","hentry","category-non-classe"],"_links":{"self":[{"href":"http:\/\/www.ecole-saintjoseph-mauleon.fr\/fr\/wp-json\/wp\/v2\/posts\/6696","targetHints":{"allow":["GET"]}}],"collection":[{"href":"http:\/\/www.ecole-saintjoseph-mauleon.fr\/fr\/wp-json\/wp\/v2\/posts"}],"about":[{"href":"http:\/\/www.ecole-saintjoseph-mauleon.fr\/fr\/wp-json\/wp\/v2\/types\/post"}],"author":[{"embeddable":true,"href":"http:\/\/www.ecole-saintjoseph-mauleon.fr\/fr\/wp-json\/wp\/v2\/users\/5"}],"replies":[{"embeddable":true,"href":"http:\/\/www.ecole-saintjoseph-mauleon.fr\/fr\/wp-json\/wp\/v2\/comments?post=6696"}],"version-history":[{"count":4,"href":"http:\/\/www.ecole-saintjoseph-mauleon.fr\/fr\/wp-json\/wp\/v2\/posts\/6696\/revisions"}],"predecessor-version":[{"id":6742,"href":"http:\/\/www.ecole-saintjoseph-mauleon.fr\/fr\/wp-json\/wp\/v2\/posts\/6696\/revisions\/6742"}],"wp:featuredmedia":[{"embeddable":true,"href":"http:\/\/www.ecole-saintjoseph-mauleon.fr\/fr\/wp-json\/wp\/v2\/media\/6697"}],"wp:attachment":[{"href":"http:\/\/www.ecole-saintjoseph-mauleon.fr\/fr\/wp-json\/wp\/v2\/media?parent=6696"}],"wp:term":[{"taxonomy":"category","embeddable":true,"href":"http:\/\/www.ecole-saintjoseph-mauleon.fr\/fr\/wp-json\/wp\/v2\/categories?post=6696"},{"taxonomy":"post_tag","embeddable":true,"href":"http:\/\/www.ecole-saintjoseph-mauleon.fr\/fr\/wp-json\/wp\/v2\/tags?post=6696"}],"curies":[{"name":"wp","href":"https:\/\/api.w.org\/{rel}","templated":true}]}}