{"id":6081,"date":"2018-02-15T18:03:54","date_gmt":"2018-02-15T17:03:54","guid":{"rendered":"http:\/\/www.ecole-saintjoseph-mauleon.fr\/fr\/?p=6081"},"modified":"2018-05-31T13:59:50","modified_gmt":"2018-05-31T11:59:50","slug":"lequipe-pedagogique","status":"publish","type":"post","link":"http:\/\/www.ecole-saintjoseph-mauleon.fr\/fr\/2018\/02\/15\/lequipe-pedagogique\/","title":{"rendered":"Notre projet"},"content":{"rendered":"<p><strong><u>Une \u00e9quipe p\u00e9dagogique dynamique et investie\u00a0:<\/u><\/strong><\/p>\n<p><strong><u><img loading=\"lazy\" decoding=\"async\" class=\"wp-image-6129 alignright\" src=\"http:\/\/www.ecole-saintjoseph-mauleon.fr\/fr\/wp-content\/uploads\/2018\/02\/equipe-pedagogique_20172018-300x212.jpg\" alt=\"\" width=\"280\" height=\"198\" \/><\/u><\/strong><u><\/u><\/p>\n<ul>\n<li>Des pratiques p\u00e9dagogiques harmonis\u00e9es de la PS au CM2 qui r\u00e9pondent aux programmes du Minist\u00e8re de l\u2019Education Nationale.<\/li>\n<li>Un accompagnement personnalis\u00e9 de chaque enfant par les enseignants du cycle, le chef d\u2019Etablissement, l\u2019enseignante sp\u00e9cialis\u00e9e et le psychologue scolaire.<\/li>\n<li>Le souci d\u2019une \u00e9valuation positive<\/li>\n<li>Des droits et devoirs communs de la PS au CM2<\/li>\n<\/ul>\n<p>&nbsp;<\/p>\n<p><strong><u>Un projet ambitieux\u00a0:<\/u><\/strong><\/p>\n<ul>\n<li>transmettre le go\u00fbt de l\u2019effort<\/li>\n<li>accompagner les enfants vers leur \u00e9panouissement personnel<\/li>\n<li>d\u00e9velopper leur autonomie<\/li>\n<li>renforcer leur esprit critique<\/li>\n<li>Encourager leur cr\u00e9ativit\u00e9<\/li>\n<li>Donner du sens \u00e0 leurs apprentissages<\/li>\n<li>comprendre les diff\u00e9rences de chacun pour plus de tol\u00e9rance<\/li>\n<\/ul>\n<p><strong><u>Une charte de confiance\u00a0Ecole-Famille-El\u00e8ve :<\/u><\/strong><\/p>\n<ul>\n<li>Un accueil personnalis\u00e9 de chacun<\/li>\n<li>Une information r\u00e9guli\u00e8re sur ce qui se vit dans l\u2019\u00e9tablissement<\/li>\n<li>Un dialogue et des \u00e9changes privil\u00e9gi\u00e9s Ecole-Familles<\/li>\n<\/ul>\n<p><strong><u>Un projet d\u2019animation pastorale<\/u><\/strong><\/p>\n<ul>\n<li>Faire vivre les valeurs de l\u2019\u00e9vangile , des temps d\u2019\u00e9veil \u00e0 la foi et de culture chr\u00e9tienne dans le respect des convictions de chacun<\/li>\n<li>Un projet \u00e9ducatif en r\u00e9f\u00e9rence \u00e0 l\u2019\u00e9vangile (cf. document \u00ab\u00a0Projet \u00e9ducatif\u00a0\u00bb)<\/li>\n<\/ul>\n<p><img loading=\"lazy\" decoding=\"async\" class=\"alignnone size-large wp-image-6709\" src=\"http:\/\/www.ecole-saintjoseph-mauleon.fr\/fr\/wp-content\/uploads\/2018\/02\/D\u00e9pliant-Int\u00e9rieur-A4-1024x724.jpg\" alt=\"\" width=\"1024\" height=\"724\" srcset=\"http:\/\/www.ecole-saintjoseph-mauleon.fr\/fr\/wp-content\/uploads\/2018\/02\/D\u00e9pliant-Int\u00e9rieur-A4-1024x724.jpg 1024w, http:\/\/www.ecole-saintjoseph-mauleon.fr\/fr\/wp-content\/uploads\/2018\/02\/D\u00e9pliant-Int\u00e9rieur-A4-300x212.jpg 300w, http:\/\/www.ecole-saintjoseph-mauleon.fr\/fr\/wp-content\/uploads\/2018\/02\/D\u00e9pliant-Int\u00e9rieur-A4-768x543.jpg 768w\" sizes=\"auto, (max-width: 1024px) 100vw, 1024px\" \/> <img loading=\"lazy\" decoding=\"async\" class=\"alignnone size-large wp-image-6710\" src=\"http:\/\/www.ecole-saintjoseph-mauleon.fr\/fr\/wp-content\/uploads\/2018\/02\/D\u00e9pliant-Ext\u00e9rieur-A4-1024x724.jpg\" alt=\"\" width=\"1024\" height=\"724\" srcset=\"http:\/\/www.ecole-saintjoseph-mauleon.fr\/fr\/wp-content\/uploads\/2018\/02\/D\u00e9pliant-Ext\u00e9rieur-A4-1024x724.jpg 1024w, http:\/\/www.ecole-saintjoseph-mauleon.fr\/fr\/wp-content\/uploads\/2018\/02\/D\u00e9pliant-Ext\u00e9rieur-A4-300x212.jpg 300w, http:\/\/www.ecole-saintjoseph-mauleon.fr\/fr\/wp-content\/uploads\/2018\/02\/D\u00e9pliant-Ext\u00e9rieur-A4-768x543.jpg 768w\" sizes=\"auto, (max-width: 1024px) 100vw, 1024px\" \/><\/p>\n<p>&nbsp;<\/p>\n<p>&nbsp;<\/p>\n<p>&nbsp;<\/p>\n","protected":false},"excerpt":{"rendered":"<p>Une \u00e9quipe p\u00e9dagogique dynamique et investie\u00a0: Des pratiques p\u00e9dagogiques harmonis\u00e9es de la PS au CM2 qui r\u00e9pondent aux programmes du Minist\u00e8re de l\u2019Education Nationale. Un accompagnement personnalis\u00e9 de chaque enfant par les enseignants du cycle, le chef d\u2019Etablissement, l\u2019enseignante sp\u00e9cialis\u00e9e et le psychologue scolaire. Le souci d\u2019une \u00e9valuation positive Des droits et devoirs communs de&hellip;<\/p>\n","protected":false},"author":5,"featured_media":6710,"comment_status":"closed","ping_status":"open","sticky":false,"template":"","format":"standard","meta":{"footnotes":""},"categories":[34],"tags":[],"class_list":["post-6081","post","type-post","status-publish","format-standard","has-post-thumbnail","hentry","category-viedelecole"],"_links":{"self":[{"href":"http:\/\/www.ecole-saintjoseph-mauleon.fr\/fr\/wp-json\/wp\/v2\/posts\/6081","targetHints":{"allow":["GET"]}}],"collection":[{"href":"http:\/\/www.ecole-saintjoseph-mauleon.fr\/fr\/wp-json\/wp\/v2\/posts"}],"about":[{"href":"http:\/\/www.ecole-saintjoseph-mauleon.fr\/fr\/wp-json\/wp\/v2\/types\/post"}],"author":[{"embeddable":true,"href":"http:\/\/www.ecole-saintjoseph-mauleon.fr\/fr\/wp-json\/wp\/v2\/users\/5"}],"replies":[{"embeddable":true,"href":"http:\/\/www.ecole-saintjoseph-mauleon.fr\/fr\/wp-json\/wp\/v2\/comments?post=6081"}],"version-history":[{"count":14,"href":"http:\/\/www.ecole-saintjoseph-mauleon.fr\/fr\/wp-json\/wp\/v2\/posts\/6081\/revisions"}],"predecessor-version":[{"id":6711,"href":"http:\/\/www.ecole-saintjoseph-mauleon.fr\/fr\/wp-json\/wp\/v2\/posts\/6081\/revisions\/6711"}],"wp:featuredmedia":[{"embeddable":true,"href":"http:\/\/www.ecole-saintjoseph-mauleon.fr\/fr\/wp-json\/wp\/v2\/media\/6710"}],"wp:attachment":[{"href":"http:\/\/www.ecole-saintjoseph-mauleon.fr\/fr\/wp-json\/wp\/v2\/media?parent=6081"}],"wp:term":[{"taxonomy":"category","embeddable":true,"href":"http:\/\/www.ecole-saintjoseph-mauleon.fr\/fr\/wp-json\/wp\/v2\/categories?post=6081"},{"taxonomy":"post_tag","embeddable":true,"href":"http:\/\/www.ecole-saintjoseph-mauleon.fr\/fr\/wp-json\/wp\/v2\/tags?post=6081"}],"curies":[{"name":"wp","href":"https:\/\/api.w.org\/{rel}","templated":true}]}}