{"id":17720,"date":"2024-10-22T09:57:04","date_gmt":"2024-10-22T07:57:04","guid":{"rendered":"http:\/\/www.ecole-saintjoseph-mauleon.fr\/fr\/?p=17720"},"modified":"2024-10-22T09:57:04","modified_gmt":"2024-10-22T07:57:04","slug":"il-y-a-180-ans","status":"publish","type":"post","link":"http:\/\/www.ecole-saintjoseph-mauleon.fr\/fr\/2024\/10\/22\/il-y-a-180-ans\/","title":{"rendered":"Il y a 180 ans&#8230;"},"content":{"rendered":"<p>Il y a bient\u00f4t 180 ans, le 1er janvier 1845, s&rsquo;ouvrait \u00e0 Maul\u00e9on l&rsquo;\u00e9cole Saint Joseph dite \u00ab\u00a0<em>Ecole de Bourneau<\/em>\u00ab\u00a0.<\/p>\n<p>L&rsquo;\u00e9cole \u00e9tait alors prise en charge par les Fr\u00e8res des \u00c9coles Chr\u00e9tiennes puis par les Fr\u00e8res de Saint Gabriel.<\/p>\n<p>En 2025, l&rsquo;\u00e9cole f\u00eatera ce bel anniversaire !<\/p>\n<p>Les anciens \u00e9l\u00e8ves et anciens enseignants seront invit\u00e9s \u00e0 nous rejoindre sur la cour de l&rsquo;\u00e9cole pour cette grande journ\u00e9e festive !<\/p>\n<p>La date sera fix\u00e9e prochainement pour le printemps 2025.<\/p>\n","protected":false},"excerpt":{"rendered":"<p>Il y a bient\u00f4t 180 ans, le 1er janvier 1845, s&rsquo;ouvrait \u00e0 Maul\u00e9on l&rsquo;\u00e9cole Saint Joseph dite \u00ab\u00a0Ecole de Bourneau\u00ab\u00a0. L&rsquo;\u00e9cole \u00e9tait alors prise en charge par les Fr\u00e8res des \u00c9coles Chr\u00e9tiennes puis par les Fr\u00e8res de Saint Gabriel. En 2025, l&rsquo;\u00e9cole f\u00eatera ce bel anniversaire ! Les anciens \u00e9l\u00e8ves et anciens enseignants seront invit\u00e9s&hellip;<\/p>\n","protected":false},"author":5,"featured_media":17721,"comment_status":"closed","ping_status":"open","sticky":false,"template":"","format":"standard","meta":{"footnotes":""},"categories":[34],"tags":[],"class_list":["post-17720","post","type-post","status-publish","format-standard","has-post-thumbnail","hentry","category-viedelecole"],"_links":{"self":[{"href":"http:\/\/www.ecole-saintjoseph-mauleon.fr\/fr\/wp-json\/wp\/v2\/posts\/17720","targetHints":{"allow":["GET"]}}],"collection":[{"href":"http:\/\/www.ecole-saintjoseph-mauleon.fr\/fr\/wp-json\/wp\/v2\/posts"}],"about":[{"href":"http:\/\/www.ecole-saintjoseph-mauleon.fr\/fr\/wp-json\/wp\/v2\/types\/post"}],"author":[{"embeddable":true,"href":"http:\/\/www.ecole-saintjoseph-mauleon.fr\/fr\/wp-json\/wp\/v2\/users\/5"}],"replies":[{"embeddable":true,"href":"http:\/\/www.ecole-saintjoseph-mauleon.fr\/fr\/wp-json\/wp\/v2\/comments?post=17720"}],"version-history":[{"count":1,"href":"http:\/\/www.ecole-saintjoseph-mauleon.fr\/fr\/wp-json\/wp\/v2\/posts\/17720\/revisions"}],"predecessor-version":[{"id":17722,"href":"http:\/\/www.ecole-saintjoseph-mauleon.fr\/fr\/wp-json\/wp\/v2\/posts\/17720\/revisions\/17722"}],"wp:featuredmedia":[{"embeddable":true,"href":"http:\/\/www.ecole-saintjoseph-mauleon.fr\/fr\/wp-json\/wp\/v2\/media\/17721"}],"wp:attachment":[{"href":"http:\/\/www.ecole-saintjoseph-mauleon.fr\/fr\/wp-json\/wp\/v2\/media?parent=17720"}],"wp:term":[{"taxonomy":"category","embeddable":true,"href":"http:\/\/www.ecole-saintjoseph-mauleon.fr\/fr\/wp-json\/wp\/v2\/categories?post=17720"},{"taxonomy":"post_tag","embeddable":true,"href":"http:\/\/www.ecole-saintjoseph-mauleon.fr\/fr\/wp-json\/wp\/v2\/tags?post=17720"}],"curies":[{"name":"wp","href":"https:\/\/api.w.org\/{rel}","templated":true}]}}