{"id":14469,"date":"2023-06-05T10:32:04","date_gmt":"2023-06-05T08:32:04","guid":{"rendered":"http:\/\/www.ecole-saintjoseph-mauleon.fr\/fr\/?p=14469"},"modified":"2023-06-05T11:07:47","modified_gmt":"2023-06-05T09:07:47","slug":"bricolage-avec-les-eleves-du-lycee-professionnel","status":"publish","type":"post","link":"http:\/\/www.ecole-saintjoseph-mauleon.fr\/fr\/2023\/06\/05\/bricolage-avec-les-eleves-du-lycee-professionnel\/","title":{"rendered":"Bricolage avec les \u00e9l\u00e8ves du Lyc\u00e9e du Val d&rsquo;Ouin"},"content":{"rendered":"<p>Les \u00e9l\u00e8ves du Lyc\u00e9e du Val d&rsquo;Ouin de Maul\u00e9on sont venus dans notre classe afin de r\u00e9aliser un joli cadre avec un c\u0153ur pour la f\u00eate des m\u00e8res.<\/p>\n<p>Merci \u00e0 eux pour cette animation ! Les enfants sont rest\u00e9s bien concentr\u00e9s !<\/p>\n\n\t\t<style type=\"text\/css\">\n\t\t\t#gallery-1 {\n\t\t\t\tmargin: auto;\n\t\t\t}\n\t\t\t#gallery-1 .gallery-item {\n\t\t\t\tfloat: left;\n\t\t\t\tmargin-top: 10px;\n\t\t\t\ttext-align: center;\n\t\t\t\twidth: 50%;\n\t\t\t}\n\t\t\t#gallery-1 img {\n\t\t\t\tborder: 2px solid #cfcfcf;\n\t\t\t}\n\t\t\t#gallery-1 .gallery-caption {\n\t\t\t\tmargin-left: 0;\n\t\t\t}\n\t\t\t\/* see gallery_shortcode() in wp-includes\/media.php *\/\n\t\t<\/style>\n\t\t<div id='gallery-1' class='gallery galleryid-14469 gallery-columns-2 gallery-size-large'><dl class='gallery-item'>\n\t\t\t<dt class='gallery-icon landscape'>\n\t\t\t\t<a href='http:\/\/www.ecole-saintjoseph-mauleon.fr\/fr\/2023\/06\/05\/bricolage-avec-les-eleves-du-lycee-professionnel\/20230526_152313\/'><img loading=\"lazy\" decoding=\"async\" width=\"1024\" height=\"768\" src=\"http:\/\/www.ecole-saintjoseph-mauleon.fr\/fr\/wp-content\/uploads\/2023\/06\/20230526_152313-1024x768.jpg\" class=\"attachment-large size-large\" alt=\"\" srcset=\"http:\/\/www.ecole-saintjoseph-mauleon.fr\/fr\/wp-content\/uploads\/2023\/06\/20230526_152313.jpg 1024w, http:\/\/www.ecole-saintjoseph-mauleon.fr\/fr\/wp-content\/uploads\/2023\/06\/20230526_152313-300x225.jpg 300w, http:\/\/www.ecole-saintjoseph-mauleon.fr\/fr\/wp-content\/uploads\/2023\/06\/20230526_152313-768x576.jpg 768w\" sizes=\"auto, (max-width: 1024px) 100vw, 1024px\" \/><\/a>\n\t\t\t<\/dt><\/dl><dl class='gallery-item'>\n\t\t\t<dt class='gallery-icon landscape'>\n\t\t\t\t<a href='http:\/\/www.ecole-saintjoseph-mauleon.fr\/fr\/2023\/06\/05\/bricolage-avec-les-eleves-du-lycee-professionnel\/20230526_152320\/'><img loading=\"lazy\" decoding=\"async\" width=\"1024\" height=\"768\" src=\"http:\/\/www.ecole-saintjoseph-mauleon.fr\/fr\/wp-content\/uploads\/2023\/06\/20230526_152320-1024x768.jpg\" class=\"attachment-large size-large\" alt=\"\" srcset=\"http:\/\/www.ecole-saintjoseph-mauleon.fr\/fr\/wp-content\/uploads\/2023\/06\/20230526_152320.jpg 1024w, http:\/\/www.ecole-saintjoseph-mauleon.fr\/fr\/wp-content\/uploads\/2023\/06\/20230526_152320-300x225.jpg 300w, http:\/\/www.ecole-saintjoseph-mauleon.fr\/fr\/wp-content\/uploads\/2023\/06\/20230526_152320-768x576.jpg 768w\" sizes=\"auto, (max-width: 1024px) 100vw, 1024px\" \/><\/a>\n\t\t\t<\/dt><\/dl><br style=\"clear: both\" \/><dl class='gallery-item'>\n\t\t\t<dt class='gallery-icon landscape'>\n\t\t\t\t<a href='http:\/\/www.ecole-saintjoseph-mauleon.fr\/fr\/2023\/06\/05\/bricolage-avec-les-eleves-du-lycee-professionnel\/20230526_152404\/'><img loading=\"lazy\" decoding=\"async\" width=\"1024\" height=\"768\" src=\"http:\/\/www.ecole-saintjoseph-mauleon.fr\/fr\/wp-content\/uploads\/2023\/06\/20230526_152404-1024x768.jpg\" class=\"attachment-large size-large\" alt=\"\" srcset=\"http:\/\/www.ecole-saintjoseph-mauleon.fr\/fr\/wp-content\/uploads\/2023\/06\/20230526_152404.jpg 1024w, http:\/\/www.ecole-saintjoseph-mauleon.fr\/fr\/wp-content\/uploads\/2023\/06\/20230526_152404-300x225.jpg 300w, http:\/\/www.ecole-saintjoseph-mauleon.fr\/fr\/wp-content\/uploads\/2023\/06\/20230526_152404-768x576.jpg 768w\" sizes=\"auto, (max-width: 1024px) 100vw, 1024px\" \/><\/a>\n\t\t\t<\/dt><\/dl><dl class='gallery-item'>\n\t\t\t<dt class='gallery-icon landscape'>\n\t\t\t\t<a href='http:\/\/www.ecole-saintjoseph-mauleon.fr\/fr\/2023\/06\/05\/bricolage-avec-les-eleves-du-lycee-professionnel\/20230526_152716\/'><img loading=\"lazy\" decoding=\"async\" width=\"1024\" height=\"768\" src=\"http:\/\/www.ecole-saintjoseph-mauleon.fr\/fr\/wp-content\/uploads\/2023\/06\/20230526_152716-1024x768.jpg\" class=\"attachment-large size-large\" alt=\"\" srcset=\"http:\/\/www.ecole-saintjoseph-mauleon.fr\/fr\/wp-content\/uploads\/2023\/06\/20230526_152716.jpg 1024w, http:\/\/www.ecole-saintjoseph-mauleon.fr\/fr\/wp-content\/uploads\/2023\/06\/20230526_152716-300x225.jpg 300w, http:\/\/www.ecole-saintjoseph-mauleon.fr\/fr\/wp-content\/uploads\/2023\/06\/20230526_152716-768x576.jpg 768w\" sizes=\"auto, (max-width: 1024px) 100vw, 1024px\" \/><\/a>\n\t\t\t<\/dt><\/dl><br style=\"clear: both\" \/><dl class='gallery-item'>\n\t\t\t<dt class='gallery-icon landscape'>\n\t\t\t\t<a href='http:\/\/www.ecole-saintjoseph-mauleon.fr\/fr\/2023\/06\/05\/bricolage-avec-les-eleves-du-lycee-professionnel\/20230526_153125\/'><img loading=\"lazy\" decoding=\"async\" width=\"1024\" height=\"768\" src=\"http:\/\/www.ecole-saintjoseph-mauleon.fr\/fr\/wp-content\/uploads\/2023\/06\/20230526_153125-1024x768.jpg\" class=\"attachment-large size-large\" alt=\"\" srcset=\"http:\/\/www.ecole-saintjoseph-mauleon.fr\/fr\/wp-content\/uploads\/2023\/06\/20230526_153125.jpg 1024w, http:\/\/www.ecole-saintjoseph-mauleon.fr\/fr\/wp-content\/uploads\/2023\/06\/20230526_153125-300x225.jpg 300w, http:\/\/www.ecole-saintjoseph-mauleon.fr\/fr\/wp-content\/uploads\/2023\/06\/20230526_153125-768x576.jpg 768w\" sizes=\"auto, (max-width: 1024px) 100vw, 1024px\" \/><\/a>\n\t\t\t<\/dt><\/dl><dl class='gallery-item'>\n\t\t\t<dt class='gallery-icon landscape'>\n\t\t\t\t<a href='http:\/\/www.ecole-saintjoseph-mauleon.fr\/fr\/2023\/06\/05\/bricolage-avec-les-eleves-du-lycee-professionnel\/20230526_153437\/'><img loading=\"lazy\" decoding=\"async\" width=\"1024\" height=\"768\" src=\"http:\/\/www.ecole-saintjoseph-mauleon.fr\/fr\/wp-content\/uploads\/2023\/06\/20230526_153437-1024x768.jpg\" class=\"attachment-large size-large\" alt=\"\" srcset=\"http:\/\/www.ecole-saintjoseph-mauleon.fr\/fr\/wp-content\/uploads\/2023\/06\/20230526_153437.jpg 1024w, http:\/\/www.ecole-saintjoseph-mauleon.fr\/fr\/wp-content\/uploads\/2023\/06\/20230526_153437-300x225.jpg 300w, http:\/\/www.ecole-saintjoseph-mauleon.fr\/fr\/wp-content\/uploads\/2023\/06\/20230526_153437-768x576.jpg 768w\" sizes=\"auto, (max-width: 1024px) 100vw, 1024px\" \/><\/a>\n\t\t\t<\/dt><\/dl><br style=\"clear: both\" \/><dl class='gallery-item'>\n\t\t\t<dt class='gallery-icon landscape'>\n\t\t\t\t<a href='http:\/\/www.ecole-saintjoseph-mauleon.fr\/fr\/2023\/06\/05\/bricolage-avec-les-eleves-du-lycee-professionnel\/20230526_153523\/'><img loading=\"lazy\" decoding=\"async\" width=\"1024\" height=\"768\" src=\"http:\/\/www.ecole-saintjoseph-mauleon.fr\/fr\/wp-content\/uploads\/2023\/06\/20230526_153523-1024x768.jpg\" class=\"attachment-large size-large\" alt=\"\" srcset=\"http:\/\/www.ecole-saintjoseph-mauleon.fr\/fr\/wp-content\/uploads\/2023\/06\/20230526_153523.jpg 1024w, http:\/\/www.ecole-saintjoseph-mauleon.fr\/fr\/wp-content\/uploads\/2023\/06\/20230526_153523-300x225.jpg 300w, http:\/\/www.ecole-saintjoseph-mauleon.fr\/fr\/wp-content\/uploads\/2023\/06\/20230526_153523-768x576.jpg 768w\" sizes=\"auto, (max-width: 1024px) 100vw, 1024px\" \/><\/a>\n\t\t\t<\/dt><\/dl><dl class='gallery-item'>\n\t\t\t<dt class='gallery-icon landscape'>\n\t\t\t\t<a href='http:\/\/www.ecole-saintjoseph-mauleon.fr\/fr\/2023\/06\/05\/bricolage-avec-les-eleves-du-lycee-professionnel\/20230526_153704\/'><img loading=\"lazy\" decoding=\"async\" width=\"1024\" height=\"768\" src=\"http:\/\/www.ecole-saintjoseph-mauleon.fr\/fr\/wp-content\/uploads\/2023\/06\/20230526_153704-1024x768.jpg\" class=\"attachment-large size-large\" alt=\"\" srcset=\"http:\/\/www.ecole-saintjoseph-mauleon.fr\/fr\/wp-content\/uploads\/2023\/06\/20230526_153704.jpg 1024w, http:\/\/www.ecole-saintjoseph-mauleon.fr\/fr\/wp-content\/uploads\/2023\/06\/20230526_153704-300x225.jpg 300w, http:\/\/www.ecole-saintjoseph-mauleon.fr\/fr\/wp-content\/uploads\/2023\/06\/20230526_153704-768x576.jpg 768w\" sizes=\"auto, (max-width: 1024px) 100vw, 1024px\" \/><\/a>\n\t\t\t<\/dt><\/dl><br style=\"clear: both\" \/><dl class='gallery-item'>\n\t\t\t<dt class='gallery-icon landscape'>\n\t\t\t\t<a href='http:\/\/www.ecole-saintjoseph-mauleon.fr\/fr\/2023\/06\/05\/bricolage-avec-les-eleves-du-lycee-professionnel\/20230526_153747\/'><img loading=\"lazy\" decoding=\"async\" width=\"1024\" height=\"768\" src=\"http:\/\/www.ecole-saintjoseph-mauleon.fr\/fr\/wp-content\/uploads\/2023\/06\/20230526_153747-1024x768.jpg\" class=\"attachment-large size-large\" alt=\"\" srcset=\"http:\/\/www.ecole-saintjoseph-mauleon.fr\/fr\/wp-content\/uploads\/2023\/06\/20230526_153747.jpg 1024w, http:\/\/www.ecole-saintjoseph-mauleon.fr\/fr\/wp-content\/uploads\/2023\/06\/20230526_153747-300x225.jpg 300w, http:\/\/www.ecole-saintjoseph-mauleon.fr\/fr\/wp-content\/uploads\/2023\/06\/20230526_153747-768x576.jpg 768w\" sizes=\"auto, (max-width: 1024px) 100vw, 1024px\" \/><\/a>\n\t\t\t<\/dt><\/dl><dl class='gallery-item'>\n\t\t\t<dt class='gallery-icon landscape'>\n\t\t\t\t<a href='http:\/\/www.ecole-saintjoseph-mauleon.fr\/fr\/2023\/06\/05\/bricolage-avec-les-eleves-du-lycee-professionnel\/20230526_153813\/'><img loading=\"lazy\" decoding=\"async\" width=\"1024\" height=\"768\" src=\"http:\/\/www.ecole-saintjoseph-mauleon.fr\/fr\/wp-content\/uploads\/2023\/06\/20230526_153813-1024x768.jpg\" class=\"attachment-large size-large\" alt=\"\" srcset=\"http:\/\/www.ecole-saintjoseph-mauleon.fr\/fr\/wp-content\/uploads\/2023\/06\/20230526_153813.jpg 1024w, http:\/\/www.ecole-saintjoseph-mauleon.fr\/fr\/wp-content\/uploads\/2023\/06\/20230526_153813-300x225.jpg 300w, http:\/\/www.ecole-saintjoseph-mauleon.fr\/fr\/wp-content\/uploads\/2023\/06\/20230526_153813-768x576.jpg 768w\" sizes=\"auto, (max-width: 1024px) 100vw, 1024px\" \/><\/a>\n\t\t\t<\/dt><\/dl><br style=\"clear: both\" \/><dl class='gallery-item'>\n\t\t\t<dt class='gallery-icon landscape'>\n\t\t\t\t<a href='http:\/\/www.ecole-saintjoseph-mauleon.fr\/fr\/2023\/06\/05\/bricolage-avec-les-eleves-du-lycee-professionnel\/20230526_153843\/'><img loading=\"lazy\" decoding=\"async\" width=\"1024\" height=\"768\" src=\"http:\/\/www.ecole-saintjoseph-mauleon.fr\/fr\/wp-content\/uploads\/2023\/06\/20230526_153843-1024x768.jpg\" class=\"attachment-large size-large\" alt=\"\" srcset=\"http:\/\/www.ecole-saintjoseph-mauleon.fr\/fr\/wp-content\/uploads\/2023\/06\/20230526_153843.jpg 1024w, http:\/\/www.ecole-saintjoseph-mauleon.fr\/fr\/wp-content\/uploads\/2023\/06\/20230526_153843-300x225.jpg 300w, http:\/\/www.ecole-saintjoseph-mauleon.fr\/fr\/wp-content\/uploads\/2023\/06\/20230526_153843-768x576.jpg 768w\" sizes=\"auto, (max-width: 1024px) 100vw, 1024px\" \/><\/a>\n\t\t\t<\/dt><\/dl><dl class='gallery-item'>\n\t\t\t<dt class='gallery-icon landscape'>\n\t\t\t\t<a href='http:\/\/www.ecole-saintjoseph-mauleon.fr\/fr\/2023\/06\/05\/bricolage-avec-les-eleves-du-lycee-professionnel\/20230526_153859\/'><img loading=\"lazy\" decoding=\"async\" width=\"1024\" height=\"768\" src=\"http:\/\/www.ecole-saintjoseph-mauleon.fr\/fr\/wp-content\/uploads\/2023\/06\/20230526_153859-1024x768.jpg\" class=\"attachment-large size-large\" alt=\"\" srcset=\"http:\/\/www.ecole-saintjoseph-mauleon.fr\/fr\/wp-content\/uploads\/2023\/06\/20230526_153859.jpg 1024w, http:\/\/www.ecole-saintjoseph-mauleon.fr\/fr\/wp-content\/uploads\/2023\/06\/20230526_153859-300x225.jpg 300w, http:\/\/www.ecole-saintjoseph-mauleon.fr\/fr\/wp-content\/uploads\/2023\/06\/20230526_153859-768x576.jpg 768w\" sizes=\"auto, (max-width: 1024px) 100vw, 1024px\" \/><\/a>\n\t\t\t<\/dt><\/dl><br style=\"clear: both\" \/><dl class='gallery-item'>\n\t\t\t<dt class='gallery-icon landscape'>\n\t\t\t\t<a href='http:\/\/www.ecole-saintjoseph-mauleon.fr\/fr\/2023\/06\/05\/bricolage-avec-les-eleves-du-lycee-professionnel\/20230526_143506\/'><img loading=\"lazy\" decoding=\"async\" width=\"1024\" height=\"768\" src=\"http:\/\/www.ecole-saintjoseph-mauleon.fr\/fr\/wp-content\/uploads\/2023\/06\/20230526_143506-1024x768.jpg\" class=\"attachment-large size-large\" alt=\"\" srcset=\"http:\/\/www.ecole-saintjoseph-mauleon.fr\/fr\/wp-content\/uploads\/2023\/06\/20230526_143506.jpg 1024w, http:\/\/www.ecole-saintjoseph-mauleon.fr\/fr\/wp-content\/uploads\/2023\/06\/20230526_143506-300x225.jpg 300w, http:\/\/www.ecole-saintjoseph-mauleon.fr\/fr\/wp-content\/uploads\/2023\/06\/20230526_143506-768x576.jpg 768w\" sizes=\"auto, (max-width: 1024px) 100vw, 1024px\" \/><\/a>\n\t\t\t<\/dt><\/dl><dl class='gallery-item'>\n\t\t\t<dt class='gallery-icon landscape'>\n\t\t\t\t<a href='http:\/\/www.ecole-saintjoseph-mauleon.fr\/fr\/2023\/06\/05\/bricolage-avec-les-eleves-du-lycee-professionnel\/20230526_143519\/'><img loading=\"lazy\" decoding=\"async\" width=\"1024\" height=\"768\" src=\"http:\/\/www.ecole-saintjoseph-mauleon.fr\/fr\/wp-content\/uploads\/2023\/06\/20230526_143519-1024x768.jpg\" class=\"attachment-large size-large\" alt=\"\" srcset=\"http:\/\/www.ecole-saintjoseph-mauleon.fr\/fr\/wp-content\/uploads\/2023\/06\/20230526_143519.jpg 1024w, http:\/\/www.ecole-saintjoseph-mauleon.fr\/fr\/wp-content\/uploads\/2023\/06\/20230526_143519-300x225.jpg 300w, http:\/\/www.ecole-saintjoseph-mauleon.fr\/fr\/wp-content\/uploads\/2023\/06\/20230526_143519-768x576.jpg 768w\" sizes=\"auto, (max-width: 1024px) 100vw, 1024px\" \/><\/a>\n\t\t\t<\/dt><\/dl><br style=\"clear: both\" \/><dl class='gallery-item'>\n\t\t\t<dt class='gallery-icon landscape'>\n\t\t\t\t<a href='http:\/\/www.ecole-saintjoseph-mauleon.fr\/fr\/2023\/06\/05\/bricolage-avec-les-eleves-du-lycee-professionnel\/20230526_143525\/'><img loading=\"lazy\" decoding=\"async\" width=\"1024\" height=\"768\" src=\"http:\/\/www.ecole-saintjoseph-mauleon.fr\/fr\/wp-content\/uploads\/2023\/06\/20230526_143525-1024x768.jpg\" class=\"attachment-large size-large\" alt=\"\" srcset=\"http:\/\/www.ecole-saintjoseph-mauleon.fr\/fr\/wp-content\/uploads\/2023\/06\/20230526_143525.jpg 1024w, http:\/\/www.ecole-saintjoseph-mauleon.fr\/fr\/wp-content\/uploads\/2023\/06\/20230526_143525-300x225.jpg 300w, http:\/\/www.ecole-saintjoseph-mauleon.fr\/fr\/wp-content\/uploads\/2023\/06\/20230526_143525-768x576.jpg 768w\" sizes=\"auto, (max-width: 1024px) 100vw, 1024px\" \/><\/a>\n\t\t\t<\/dt><\/dl><dl class='gallery-item'>\n\t\t\t<dt class='gallery-icon landscape'>\n\t\t\t\t<a href='http:\/\/www.ecole-saintjoseph-mauleon.fr\/fr\/2023\/06\/05\/bricolage-avec-les-eleves-du-lycee-professionnel\/20230526_143532\/'><img loading=\"lazy\" decoding=\"async\" width=\"1024\" height=\"768\" src=\"http:\/\/www.ecole-saintjoseph-mauleon.fr\/fr\/wp-content\/uploads\/2023\/06\/20230526_143532-1024x768.jpg\" class=\"attachment-large size-large\" alt=\"\" srcset=\"http:\/\/www.ecole-saintjoseph-mauleon.fr\/fr\/wp-content\/uploads\/2023\/06\/20230526_143532.jpg 1024w, http:\/\/www.ecole-saintjoseph-mauleon.fr\/fr\/wp-content\/uploads\/2023\/06\/20230526_143532-300x225.jpg 300w, http:\/\/www.ecole-saintjoseph-mauleon.fr\/fr\/wp-content\/uploads\/2023\/06\/20230526_143532-768x576.jpg 768w\" sizes=\"auto, (max-width: 1024px) 100vw, 1024px\" \/><\/a>\n\t\t\t<\/dt><\/dl><br style=\"clear: both\" \/><dl class='gallery-item'>\n\t\t\t<dt class='gallery-icon landscape'>\n\t\t\t\t<a href='http:\/\/www.ecole-saintjoseph-mauleon.fr\/fr\/2023\/06\/05\/bricolage-avec-les-eleves-du-lycee-professionnel\/20230526_143610\/'><img loading=\"lazy\" decoding=\"async\" width=\"1024\" height=\"768\" src=\"http:\/\/www.ecole-saintjoseph-mauleon.fr\/fr\/wp-content\/uploads\/2023\/06\/20230526_143610-1024x768.jpg\" class=\"attachment-large size-large\" alt=\"\" srcset=\"http:\/\/www.ecole-saintjoseph-mauleon.fr\/fr\/wp-content\/uploads\/2023\/06\/20230526_143610.jpg 1024w, http:\/\/www.ecole-saintjoseph-mauleon.fr\/fr\/wp-content\/uploads\/2023\/06\/20230526_143610-300x225.jpg 300w, http:\/\/www.ecole-saintjoseph-mauleon.fr\/fr\/wp-content\/uploads\/2023\/06\/20230526_143610-768x576.jpg 768w\" sizes=\"auto, (max-width: 1024px) 100vw, 1024px\" \/><\/a>\n\t\t\t<\/dt><\/dl><dl class='gallery-item'>\n\t\t\t<dt class='gallery-icon landscape'>\n\t\t\t\t<a href='http:\/\/www.ecole-saintjoseph-mauleon.fr\/fr\/2023\/06\/05\/bricolage-avec-les-eleves-du-lycee-professionnel\/20230526_143938\/'><img loading=\"lazy\" decoding=\"async\" width=\"1024\" height=\"768\" src=\"http:\/\/www.ecole-saintjoseph-mauleon.fr\/fr\/wp-content\/uploads\/2023\/06\/20230526_143938-1024x768.jpg\" class=\"attachment-large size-large\" alt=\"\" srcset=\"http:\/\/www.ecole-saintjoseph-mauleon.fr\/fr\/wp-content\/uploads\/2023\/06\/20230526_143938.jpg 1024w, http:\/\/www.ecole-saintjoseph-mauleon.fr\/fr\/wp-content\/uploads\/2023\/06\/20230526_143938-300x225.jpg 300w, http:\/\/www.ecole-saintjoseph-mauleon.fr\/fr\/wp-content\/uploads\/2023\/06\/20230526_143938-768x576.jpg 768w\" sizes=\"auto, (max-width: 1024px) 100vw, 1024px\" \/><\/a>\n\t\t\t<\/dt><\/dl><br style=\"clear: both\" \/><dl class='gallery-item'>\n\t\t\t<dt class='gallery-icon landscape'>\n\t\t\t\t<a href='http:\/\/www.ecole-saintjoseph-mauleon.fr\/fr\/2023\/06\/05\/bricolage-avec-les-eleves-du-lycee-professionnel\/20230526_145559\/'><img loading=\"lazy\" decoding=\"async\" width=\"1024\" height=\"768\" src=\"http:\/\/www.ecole-saintjoseph-mauleon.fr\/fr\/wp-content\/uploads\/2023\/06\/20230526_145559-1024x768.jpg\" class=\"attachment-large size-large\" alt=\"\" srcset=\"http:\/\/www.ecole-saintjoseph-mauleon.fr\/fr\/wp-content\/uploads\/2023\/06\/20230526_145559.jpg 1024w, http:\/\/www.ecole-saintjoseph-mauleon.fr\/fr\/wp-content\/uploads\/2023\/06\/20230526_145559-300x225.jpg 300w, http:\/\/www.ecole-saintjoseph-mauleon.fr\/fr\/wp-content\/uploads\/2023\/06\/20230526_145559-768x576.jpg 768w\" sizes=\"auto, (max-width: 1024px) 100vw, 1024px\" \/><\/a>\n\t\t\t<\/dt><\/dl><dl class='gallery-item'>\n\t\t\t<dt class='gallery-icon landscape'>\n\t\t\t\t<a href='http:\/\/www.ecole-saintjoseph-mauleon.fr\/fr\/2023\/06\/05\/bricolage-avec-les-eleves-du-lycee-professionnel\/20230526_150134\/'><img loading=\"lazy\" decoding=\"async\" width=\"1024\" height=\"768\" src=\"http:\/\/www.ecole-saintjoseph-mauleon.fr\/fr\/wp-content\/uploads\/2023\/06\/20230526_150134-1024x768.jpg\" class=\"attachment-large size-large\" alt=\"\" srcset=\"http:\/\/www.ecole-saintjoseph-mauleon.fr\/fr\/wp-content\/uploads\/2023\/06\/20230526_150134.jpg 1024w, http:\/\/www.ecole-saintjoseph-mauleon.fr\/fr\/wp-content\/uploads\/2023\/06\/20230526_150134-300x225.jpg 300w, http:\/\/www.ecole-saintjoseph-mauleon.fr\/fr\/wp-content\/uploads\/2023\/06\/20230526_150134-768x576.jpg 768w\" sizes=\"auto, (max-width: 1024px) 100vw, 1024px\" \/><\/a>\n\t\t\t<\/dt><\/dl><br style=\"clear: both\" \/><dl class='gallery-item'>\n\t\t\t<dt class='gallery-icon landscape'>\n\t\t\t\t<a href='http:\/\/www.ecole-saintjoseph-mauleon.fr\/fr\/2023\/06\/05\/bricolage-avec-les-eleves-du-lycee-professionnel\/20230526_150157\/'><img loading=\"lazy\" decoding=\"async\" width=\"1024\" height=\"768\" src=\"http:\/\/www.ecole-saintjoseph-mauleon.fr\/fr\/wp-content\/uploads\/2023\/06\/20230526_150157-1024x768.jpg\" class=\"attachment-large size-large\" alt=\"\" srcset=\"http:\/\/www.ecole-saintjoseph-mauleon.fr\/fr\/wp-content\/uploads\/2023\/06\/20230526_150157.jpg 1024w, http:\/\/www.ecole-saintjoseph-mauleon.fr\/fr\/wp-content\/uploads\/2023\/06\/20230526_150157-300x225.jpg 300w, http:\/\/www.ecole-saintjoseph-mauleon.fr\/fr\/wp-content\/uploads\/2023\/06\/20230526_150157-768x576.jpg 768w\" sizes=\"auto, (max-width: 1024px) 100vw, 1024px\" \/><\/a>\n\t\t\t<\/dt><\/dl><dl class='gallery-item'>\n\t\t\t<dt class='gallery-icon landscape'>\n\t\t\t\t<a href='http:\/\/www.ecole-saintjoseph-mauleon.fr\/fr\/2023\/06\/05\/bricolage-avec-les-eleves-du-lycee-professionnel\/20230526_150216\/'><img loading=\"lazy\" decoding=\"async\" width=\"1024\" height=\"768\" src=\"http:\/\/www.ecole-saintjoseph-mauleon.fr\/fr\/wp-content\/uploads\/2023\/06\/20230526_150216-1024x768.jpg\" class=\"attachment-large size-large\" alt=\"\" srcset=\"http:\/\/www.ecole-saintjoseph-mauleon.fr\/fr\/wp-content\/uploads\/2023\/06\/20230526_150216.jpg 1024w, http:\/\/www.ecole-saintjoseph-mauleon.fr\/fr\/wp-content\/uploads\/2023\/06\/20230526_150216-300x225.jpg 300w, http:\/\/www.ecole-saintjoseph-mauleon.fr\/fr\/wp-content\/uploads\/2023\/06\/20230526_150216-768x576.jpg 768w\" sizes=\"auto, (max-width: 1024px) 100vw, 1024px\" \/><\/a>\n\t\t\t<\/dt><\/dl><br style=\"clear: both\" \/><dl class='gallery-item'>\n\t\t\t<dt class='gallery-icon landscape'>\n\t\t\t\t<a href='http:\/\/www.ecole-saintjoseph-mauleon.fr\/fr\/2023\/06\/05\/bricolage-avec-les-eleves-du-lycee-professionnel\/20230526_150255\/'><img loading=\"lazy\" decoding=\"async\" width=\"1024\" height=\"768\" src=\"http:\/\/www.ecole-saintjoseph-mauleon.fr\/fr\/wp-content\/uploads\/2023\/06\/20230526_150255-1024x768.jpg\" class=\"attachment-large size-large\" alt=\"\" srcset=\"http:\/\/www.ecole-saintjoseph-mauleon.fr\/fr\/wp-content\/uploads\/2023\/06\/20230526_150255.jpg 1024w, http:\/\/www.ecole-saintjoseph-mauleon.fr\/fr\/wp-content\/uploads\/2023\/06\/20230526_150255-300x225.jpg 300w, http:\/\/www.ecole-saintjoseph-mauleon.fr\/fr\/wp-content\/uploads\/2023\/06\/20230526_150255-768x576.jpg 768w\" sizes=\"auto, (max-width: 1024px) 100vw, 1024px\" \/><\/a>\n\t\t\t<\/dt><\/dl><dl class='gallery-item'>\n\t\t\t<dt class='gallery-icon landscape'>\n\t\t\t\t<a href='http:\/\/www.ecole-saintjoseph-mauleon.fr\/fr\/2023\/06\/05\/bricolage-avec-les-eleves-du-lycee-professionnel\/20230526_150341\/'><img loading=\"lazy\" decoding=\"async\" width=\"1024\" height=\"768\" src=\"http:\/\/www.ecole-saintjoseph-mauleon.fr\/fr\/wp-content\/uploads\/2023\/06\/20230526_150341-1024x768.jpg\" class=\"attachment-large size-large\" alt=\"\" srcset=\"http:\/\/www.ecole-saintjoseph-mauleon.fr\/fr\/wp-content\/uploads\/2023\/06\/20230526_150341.jpg 1024w, http:\/\/www.ecole-saintjoseph-mauleon.fr\/fr\/wp-content\/uploads\/2023\/06\/20230526_150341-300x225.jpg 300w, http:\/\/www.ecole-saintjoseph-mauleon.fr\/fr\/wp-content\/uploads\/2023\/06\/20230526_150341-768x576.jpg 768w\" sizes=\"auto, (max-width: 1024px) 100vw, 1024px\" \/><\/a>\n\t\t\t<\/dt><\/dl><br style=\"clear: both\" \/><dl class='gallery-item'>\n\t\t\t<dt class='gallery-icon landscape'>\n\t\t\t\t<a href='http:\/\/www.ecole-saintjoseph-mauleon.fr\/fr\/2023\/06\/05\/bricolage-avec-les-eleves-du-lycee-professionnel\/20230526_150505\/'><img loading=\"lazy\" decoding=\"async\" width=\"1024\" height=\"768\" src=\"http:\/\/www.ecole-saintjoseph-mauleon.fr\/fr\/wp-content\/uploads\/2023\/06\/20230526_150505-1024x768.jpg\" class=\"attachment-large size-large\" alt=\"\" srcset=\"http:\/\/www.ecole-saintjoseph-mauleon.fr\/fr\/wp-content\/uploads\/2023\/06\/20230526_150505.jpg 1024w, http:\/\/www.ecole-saintjoseph-mauleon.fr\/fr\/wp-content\/uploads\/2023\/06\/20230526_150505-300x225.jpg 300w, http:\/\/www.ecole-saintjoseph-mauleon.fr\/fr\/wp-content\/uploads\/2023\/06\/20230526_150505-768x576.jpg 768w\" sizes=\"auto, (max-width: 1024px) 100vw, 1024px\" \/><\/a>\n\t\t\t<\/dt><\/dl><dl class='gallery-item'>\n\t\t\t<dt class='gallery-icon landscape'>\n\t\t\t\t<a href='http:\/\/www.ecole-saintjoseph-mauleon.fr\/fr\/2023\/06\/05\/bricolage-avec-les-eleves-du-lycee-professionnel\/20230526_150557\/'><img loading=\"lazy\" decoding=\"async\" width=\"1024\" height=\"768\" src=\"http:\/\/www.ecole-saintjoseph-mauleon.fr\/fr\/wp-content\/uploads\/2023\/06\/20230526_150557-1024x768.jpg\" class=\"attachment-large size-large\" alt=\"\" srcset=\"http:\/\/www.ecole-saintjoseph-mauleon.fr\/fr\/wp-content\/uploads\/2023\/06\/20230526_150557.jpg 1024w, http:\/\/www.ecole-saintjoseph-mauleon.fr\/fr\/wp-content\/uploads\/2023\/06\/20230526_150557-300x225.jpg 300w, http:\/\/www.ecole-saintjoseph-mauleon.fr\/fr\/wp-content\/uploads\/2023\/06\/20230526_150557-768x576.jpg 768w\" sizes=\"auto, (max-width: 1024px) 100vw, 1024px\" \/><\/a>\n\t\t\t<\/dt><\/dl><br style=\"clear: both\" \/><dl class='gallery-item'>\n\t\t\t<dt class='gallery-icon landscape'>\n\t\t\t\t<a href='http:\/\/www.ecole-saintjoseph-mauleon.fr\/fr\/2023\/06\/05\/bricolage-avec-les-eleves-du-lycee-professionnel\/20230526_151734\/'><img loading=\"lazy\" decoding=\"async\" width=\"1024\" height=\"768\" src=\"http:\/\/www.ecole-saintjoseph-mauleon.fr\/fr\/wp-content\/uploads\/2023\/06\/20230526_151734-1024x768.jpg\" class=\"attachment-large size-large\" alt=\"\" srcset=\"http:\/\/www.ecole-saintjoseph-mauleon.fr\/fr\/wp-content\/uploads\/2023\/06\/20230526_151734.jpg 1024w, http:\/\/www.ecole-saintjoseph-mauleon.fr\/fr\/wp-content\/uploads\/2023\/06\/20230526_151734-300x225.jpg 300w, http:\/\/www.ecole-saintjoseph-mauleon.fr\/fr\/wp-content\/uploads\/2023\/06\/20230526_151734-768x576.jpg 768w\" sizes=\"auto, (max-width: 1024px) 100vw, 1024px\" \/><\/a>\n\t\t\t<\/dt><\/dl><dl class='gallery-item'>\n\t\t\t<dt class='gallery-icon landscape'>\n\t\t\t\t<a href='http:\/\/www.ecole-saintjoseph-mauleon.fr\/fr\/2023\/06\/05\/bricolage-avec-les-eleves-du-lycee-professionnel\/20230526_151756\/'><img loading=\"lazy\" decoding=\"async\" width=\"1024\" height=\"768\" src=\"http:\/\/www.ecole-saintjoseph-mauleon.fr\/fr\/wp-content\/uploads\/2023\/06\/20230526_151756-1024x768.jpg\" class=\"attachment-large size-large\" alt=\"\" srcset=\"http:\/\/www.ecole-saintjoseph-mauleon.fr\/fr\/wp-content\/uploads\/2023\/06\/20230526_151756.jpg 1024w, http:\/\/www.ecole-saintjoseph-mauleon.fr\/fr\/wp-content\/uploads\/2023\/06\/20230526_151756-300x225.jpg 300w, http:\/\/www.ecole-saintjoseph-mauleon.fr\/fr\/wp-content\/uploads\/2023\/06\/20230526_151756-768x576.jpg 768w\" sizes=\"auto, (max-width: 1024px) 100vw, 1024px\" \/><\/a>\n\t\t\t<\/dt><\/dl><br style=\"clear: both\" \/><dl class='gallery-item'>\n\t\t\t<dt class='gallery-icon landscape'>\n\t\t\t\t<a href='http:\/\/www.ecole-saintjoseph-mauleon.fr\/fr\/2023\/06\/05\/bricolage-avec-les-eleves-du-lycee-professionnel\/20230526_151839\/'><img loading=\"lazy\" decoding=\"async\" width=\"1024\" height=\"768\" src=\"http:\/\/www.ecole-saintjoseph-mauleon.fr\/fr\/wp-content\/uploads\/2023\/06\/20230526_151839-1024x768.jpg\" class=\"attachment-large size-large\" alt=\"\" srcset=\"http:\/\/www.ecole-saintjoseph-mauleon.fr\/fr\/wp-content\/uploads\/2023\/06\/20230526_151839.jpg 1024w, http:\/\/www.ecole-saintjoseph-mauleon.fr\/fr\/wp-content\/uploads\/2023\/06\/20230526_151839-300x225.jpg 300w, http:\/\/www.ecole-saintjoseph-mauleon.fr\/fr\/wp-content\/uploads\/2023\/06\/20230526_151839-768x576.jpg 768w\" sizes=\"auto, (max-width: 1024px) 100vw, 1024px\" \/><\/a>\n\t\t\t<\/dt><\/dl><dl class='gallery-item'>\n\t\t\t<dt class='gallery-icon landscape'>\n\t\t\t\t<a href='http:\/\/www.ecole-saintjoseph-mauleon.fr\/fr\/2023\/06\/05\/bricolage-avec-les-eleves-du-lycee-professionnel\/20230526_151900\/'><img loading=\"lazy\" decoding=\"async\" width=\"1024\" height=\"768\" src=\"http:\/\/www.ecole-saintjoseph-mauleon.fr\/fr\/wp-content\/uploads\/2023\/06\/20230526_151900-1024x768.jpg\" class=\"attachment-large size-large\" alt=\"\" srcset=\"http:\/\/www.ecole-saintjoseph-mauleon.fr\/fr\/wp-content\/uploads\/2023\/06\/20230526_151900.jpg 1024w, http:\/\/www.ecole-saintjoseph-mauleon.fr\/fr\/wp-content\/uploads\/2023\/06\/20230526_151900-300x225.jpg 300w, http:\/\/www.ecole-saintjoseph-mauleon.fr\/fr\/wp-content\/uploads\/2023\/06\/20230526_151900-768x576.jpg 768w\" sizes=\"auto, (max-width: 1024px) 100vw, 1024px\" \/><\/a>\n\t\t\t<\/dt><\/dl><br style=\"clear: both\" \/><dl class='gallery-item'>\n\t\t\t<dt class='gallery-icon landscape'>\n\t\t\t\t<a href='http:\/\/www.ecole-saintjoseph-mauleon.fr\/fr\/2023\/06\/05\/bricolage-avec-les-eleves-du-lycee-professionnel\/20230526_152023\/'><img loading=\"lazy\" decoding=\"async\" width=\"1024\" height=\"768\" src=\"http:\/\/www.ecole-saintjoseph-mauleon.fr\/fr\/wp-content\/uploads\/2023\/06\/20230526_152023-1024x768.jpg\" class=\"attachment-large size-large\" alt=\"\" srcset=\"http:\/\/www.ecole-saintjoseph-mauleon.fr\/fr\/wp-content\/uploads\/2023\/06\/20230526_152023.jpg 1024w, http:\/\/www.ecole-saintjoseph-mauleon.fr\/fr\/wp-content\/uploads\/2023\/06\/20230526_152023-300x225.jpg 300w, http:\/\/www.ecole-saintjoseph-mauleon.fr\/fr\/wp-content\/uploads\/2023\/06\/20230526_152023-768x576.jpg 768w\" sizes=\"auto, (max-width: 1024px) 100vw, 1024px\" \/><\/a>\n\t\t\t<\/dt><\/dl><dl class='gallery-item'>\n\t\t\t<dt class='gallery-icon landscape'>\n\t\t\t\t<a href='http:\/\/www.ecole-saintjoseph-mauleon.fr\/fr\/2023\/06\/05\/bricolage-avec-les-eleves-du-lycee-professionnel\/20230526_152109\/'><img loading=\"lazy\" decoding=\"async\" width=\"1024\" height=\"768\" src=\"http:\/\/www.ecole-saintjoseph-mauleon.fr\/fr\/wp-content\/uploads\/2023\/06\/20230526_152109-1024x768.jpg\" class=\"attachment-large size-large\" alt=\"\" srcset=\"http:\/\/www.ecole-saintjoseph-mauleon.fr\/fr\/wp-content\/uploads\/2023\/06\/20230526_152109.jpg 1024w, http:\/\/www.ecole-saintjoseph-mauleon.fr\/fr\/wp-content\/uploads\/2023\/06\/20230526_152109-300x225.jpg 300w, http:\/\/www.ecole-saintjoseph-mauleon.fr\/fr\/wp-content\/uploads\/2023\/06\/20230526_152109-768x576.jpg 768w\" sizes=\"auto, (max-width: 1024px) 100vw, 1024px\" \/><\/a>\n\t\t\t<\/dt><\/dl><br style=\"clear: both\" \/><dl class='gallery-item'>\n\t\t\t<dt class='gallery-icon landscape'>\n\t\t\t\t<a href='http:\/\/www.ecole-saintjoseph-mauleon.fr\/fr\/2023\/06\/05\/bricolage-avec-les-eleves-du-lycee-professionnel\/20230526_152129\/'><img loading=\"lazy\" decoding=\"async\" width=\"1024\" height=\"768\" src=\"http:\/\/www.ecole-saintjoseph-mauleon.fr\/fr\/wp-content\/uploads\/2023\/06\/20230526_152129-1024x768.jpg\" class=\"attachment-large size-large\" alt=\"\" srcset=\"http:\/\/www.ecole-saintjoseph-mauleon.fr\/fr\/wp-content\/uploads\/2023\/06\/20230526_152129.jpg 1024w, http:\/\/www.ecole-saintjoseph-mauleon.fr\/fr\/wp-content\/uploads\/2023\/06\/20230526_152129-300x225.jpg 300w, http:\/\/www.ecole-saintjoseph-mauleon.fr\/fr\/wp-content\/uploads\/2023\/06\/20230526_152129-768x576.jpg 768w\" sizes=\"auto, (max-width: 1024px) 100vw, 1024px\" \/><\/a>\n\t\t\t<\/dt><\/dl><dl class='gallery-item'>\n\t\t\t<dt class='gallery-icon landscape'>\n\t\t\t\t<a href='http:\/\/www.ecole-saintjoseph-mauleon.fr\/fr\/2023\/06\/05\/bricolage-avec-les-eleves-du-lycee-professionnel\/20230526_152254\/'><img loading=\"lazy\" decoding=\"async\" width=\"1024\" height=\"768\" src=\"http:\/\/www.ecole-saintjoseph-mauleon.fr\/fr\/wp-content\/uploads\/2023\/06\/20230526_152254-1024x768.jpg\" class=\"attachment-large size-large\" alt=\"\" srcset=\"http:\/\/www.ecole-saintjoseph-mauleon.fr\/fr\/wp-content\/uploads\/2023\/06\/20230526_152254.jpg 1024w, http:\/\/www.ecole-saintjoseph-mauleon.fr\/fr\/wp-content\/uploads\/2023\/06\/20230526_152254-300x225.jpg 300w, http:\/\/www.ecole-saintjoseph-mauleon.fr\/fr\/wp-content\/uploads\/2023\/06\/20230526_152254-768x576.jpg 768w\" sizes=\"auto, (max-width: 1024px) 100vw, 1024px\" \/><\/a>\n\t\t\t<\/dt><\/dl><br style=\"clear: both\" \/>\n\t\t<\/div>\n\n","protected":false},"excerpt":{"rendered":"<p>Les \u00e9l\u00e8ves du Lyc\u00e9e du Val d&rsquo;Ouin de Maul\u00e9on sont venus dans notre classe afin de r\u00e9aliser un joli cadre avec un c\u0153ur pour la f\u00eate des m\u00e8res. Merci \u00e0 eux pour cette animation ! Les enfants sont rest\u00e9s bien concentr\u00e9s !<\/p>\n","protected":false},"author":5,"featured_media":14503,"comment_status":"closed","ping_status":"open","sticky":false,"template":"","format":"standard","meta":{"footnotes":""},"categories":[31],"tags":[],"class_list":["post-14469","post","type-post","status-publish","format-standard","has-post-thumbnail","hentry","category-cycle1"],"_links":{"self":[{"href":"http:\/\/www.ecole-saintjoseph-mauleon.fr\/fr\/wp-json\/wp\/v2\/posts\/14469","targetHints":{"allow":["GET"]}}],"collection":[{"href":"http:\/\/www.ecole-saintjoseph-mauleon.fr\/fr\/wp-json\/wp\/v2\/posts"}],"about":[{"href":"http:\/\/www.ecole-saintjoseph-mauleon.fr\/fr\/wp-json\/wp\/v2\/types\/post"}],"author":[{"embeddable":true,"href":"http:\/\/www.ecole-saintjoseph-mauleon.fr\/fr\/wp-json\/wp\/v2\/users\/5"}],"replies":[{"embeddable":true,"href":"http:\/\/www.ecole-saintjoseph-mauleon.fr\/fr\/wp-json\/wp\/v2\/comments?post=14469"}],"version-history":[{"count":3,"href":"http:\/\/www.ecole-saintjoseph-mauleon.fr\/fr\/wp-json\/wp\/v2\/posts\/14469\/revisions"}],"predecessor-version":[{"id":14506,"href":"http:\/\/www.ecole-saintjoseph-mauleon.fr\/fr\/wp-json\/wp\/v2\/posts\/14469\/revisions\/14506"}],"wp:featuredmedia":[{"embeddable":true,"href":"http:\/\/www.ecole-saintjoseph-mauleon.fr\/fr\/wp-json\/wp\/v2\/media\/14503"}],"wp:attachment":[{"href":"http:\/\/www.ecole-saintjoseph-mauleon.fr\/fr\/wp-json\/wp\/v2\/media?parent=14469"}],"wp:term":[{"taxonomy":"category","embeddable":true,"href":"http:\/\/www.ecole-saintjoseph-mauleon.fr\/fr\/wp-json\/wp\/v2\/categories?post=14469"},{"taxonomy":"post_tag","embeddable":true,"href":"http:\/\/www.ecole-saintjoseph-mauleon.fr\/fr\/wp-json\/wp\/v2\/tags?post=14469"}],"curies":[{"name":"wp","href":"https:\/\/api.w.org\/{rel}","templated":true}]}}