{"id":14177,"date":"2023-03-17T10:49:06","date_gmt":"2023-03-17T09:49:06","guid":{"rendered":"http:\/\/www.ecole-saintjoseph-mauleon.fr\/fr\/?p=14177"},"modified":"2023-03-17T10:49:06","modified_gmt":"2023-03-17T09:49:06","slug":"projet-art-et-nature-la-video","status":"publish","type":"post","link":"http:\/\/www.ecole-saintjoseph-mauleon.fr\/fr\/2023\/03\/17\/projet-art-et-nature-la-video\/","title":{"rendered":"Projet \u00ab\u00a0Art et Nature\u00a0\u00bb &#8211; La vid\u00e9o !"},"content":{"rendered":"<p><iframe loading=\"lazy\" title=\"&quot;Art et Nature&quot; - F\u00e9vrier 2023\" width=\"500\" height=\"281\" src=\"https:\/\/www.youtube.com\/embed\/XPn3mrCpJ5g?feature=oembed\" frameborder=\"0\" allow=\"accelerometer; autoplay; clipboard-write; encrypted-media; gyroscope; picture-in-picture; web-share\" referrerpolicy=\"strict-origin-when-cross-origin\" allowfullscreen><\/iframe><\/p>\n<p>Ambiance sonore r\u00e9alis\u00e9e par les \u00e9l\u00e8ves des classes de CP\/CP-CE1\/CE2 avec Aline VIVION du Conservatoire de Musique de l&rsquo;AGGLO2B.<\/p>\n","protected":false},"excerpt":{"rendered":"<p>Ambiance sonore r\u00e9alis\u00e9e par les \u00e9l\u00e8ves des classes de CP\/CP-CE1\/CE2 avec Aline VIVION du Conservatoire de Musique de l&rsquo;AGGLO2B.<\/p>\n","protected":false},"author":5,"featured_media":14178,"comment_status":"closed","ping_status":"open","sticky":false,"template":"","format":"standard","meta":{"footnotes":""},"categories":[31,32,33],"tags":[],"class_list":["post-14177","post","type-post","status-publish","format-standard","has-post-thumbnail","hentry","category-cycle1","category-cycle2","category-cycle3"],"_links":{"self":[{"href":"http:\/\/www.ecole-saintjoseph-mauleon.fr\/fr\/wp-json\/wp\/v2\/posts\/14177","targetHints":{"allow":["GET"]}}],"collection":[{"href":"http:\/\/www.ecole-saintjoseph-mauleon.fr\/fr\/wp-json\/wp\/v2\/posts"}],"about":[{"href":"http:\/\/www.ecole-saintjoseph-mauleon.fr\/fr\/wp-json\/wp\/v2\/types\/post"}],"author":[{"embeddable":true,"href":"http:\/\/www.ecole-saintjoseph-mauleon.fr\/fr\/wp-json\/wp\/v2\/users\/5"}],"replies":[{"embeddable":true,"href":"http:\/\/www.ecole-saintjoseph-mauleon.fr\/fr\/wp-json\/wp\/v2\/comments?post=14177"}],"version-history":[{"count":1,"href":"http:\/\/www.ecole-saintjoseph-mauleon.fr\/fr\/wp-json\/wp\/v2\/posts\/14177\/revisions"}],"predecessor-version":[{"id":14179,"href":"http:\/\/www.ecole-saintjoseph-mauleon.fr\/fr\/wp-json\/wp\/v2\/posts\/14177\/revisions\/14179"}],"wp:featuredmedia":[{"embeddable":true,"href":"http:\/\/www.ecole-saintjoseph-mauleon.fr\/fr\/wp-json\/wp\/v2\/media\/14178"}],"wp:attachment":[{"href":"http:\/\/www.ecole-saintjoseph-mauleon.fr\/fr\/wp-json\/wp\/v2\/media?parent=14177"}],"wp:term":[{"taxonomy":"category","embeddable":true,"href":"http:\/\/www.ecole-saintjoseph-mauleon.fr\/fr\/wp-json\/wp\/v2\/categories?post=14177"},{"taxonomy":"post_tag","embeddable":true,"href":"http:\/\/www.ecole-saintjoseph-mauleon.fr\/fr\/wp-json\/wp\/v2\/tags?post=14177"}],"curies":[{"name":"wp","href":"https:\/\/api.w.org\/{rel}","templated":true}]}}