{"id":10748,"date":"2021-10-14T14:32:56","date_gmt":"2021-10-14T12:32:56","guid":{"rendered":"http:\/\/www.ecole-saintjoseph-mauleon.fr\/fr\/?p=10748"},"modified":"2021-10-14T14:32:56","modified_gmt":"2021-10-14T12:32:56","slug":"celebration-saint-joseph","status":"publish","type":"post","link":"http:\/\/www.ecole-saintjoseph-mauleon.fr\/fr\/2021\/10\/14\/celebration-saint-joseph\/","title":{"rendered":"C\u00e9l\u00e9bration Saint Joseph"},"content":{"rendered":"<p style=\"text-align: center;\"><strong>Vendredi 22 Octobre, nous allons f\u00eater Saint Joseph !<\/strong><\/p>\n<p><em>Notre \u00e9cole porte le nom de Saint Joseph.<\/em><\/p>\n<p><em>L&rsquo;\u00e9cole de Saint Amand sur S\u00e8vre \u00e9galement !<\/em><\/p>\n<p>Depuis quelques jours, nous d\u00e9couvrons en vid\u00e9o nos \u00e9coles respectives !<\/p>\n<p>Vendredi 22 Octobre, nous allons tous nous retrouver pour f\u00eater Saint Joseph en l&rsquo;\u00e9glise de la Trinit\u00e9 de Maul\u00e9on. Plus de 300 enfants pour cette grande journ\u00e9e !<\/p>\n<p>Vous \u00eates tous convi\u00e9s pour nous accompagner \u00e0 <strong>10h \u00e0 l&rsquo;\u00e9glise de la Trinit\u00e9 de Maul\u00e9on.<\/strong><\/p>\n<p>L&rsquo;apr\u00e8s-midi, dans chacune de nos \u00e9coles, les enfants feront des ateliers pour aller \u00e0 la rencontre de Joseph et mieux le conna\u00eetre.<\/p>\n<p style=\"text-align: center;\">VENEZ F\u00caTER AVEC NOUS SAINT JOSEPH !<\/p>\n<p>&nbsp;<\/p>\n<p>&nbsp;<\/p>\n<p><img loading=\"lazy\" decoding=\"async\" class=\"alignnone wp-image-10749 size-large\" src=\"http:\/\/www.ecole-saintjoseph-mauleon.fr\/fr\/wp-content\/uploads\/2021\/10\/Saint-Joseph-1024x576.png\" alt=\"\" width=\"1024\" height=\"576\" \/><\/p>\n<p>&nbsp;<\/p>\n<p>&nbsp;<\/p>\n","protected":false},"excerpt":{"rendered":"<p>Vendredi 22 Octobre, nous allons f\u00eater Saint Joseph ! Notre \u00e9cole porte le nom de Saint Joseph. L&rsquo;\u00e9cole de Saint Amand sur S\u00e8vre \u00e9galement ! Depuis quelques jours, nous d\u00e9couvrons en vid\u00e9o nos \u00e9coles respectives ! Vendredi 22 Octobre, nous allons tous nous retrouver pour f\u00eater Saint Joseph en l&rsquo;\u00e9glise de la Trinit\u00e9 de Maul\u00e9on.&hellip;<\/p>\n","protected":false},"author":5,"featured_media":10749,"comment_status":"closed","ping_status":"open","sticky":false,"template":"","format":"standard","meta":{"footnotes":""},"categories":[34],"tags":[],"class_list":["post-10748","post","type-post","status-publish","format-standard","has-post-thumbnail","hentry","category-viedelecole"],"_links":{"self":[{"href":"http:\/\/www.ecole-saintjoseph-mauleon.fr\/fr\/wp-json\/wp\/v2\/posts\/10748","targetHints":{"allow":["GET"]}}],"collection":[{"href":"http:\/\/www.ecole-saintjoseph-mauleon.fr\/fr\/wp-json\/wp\/v2\/posts"}],"about":[{"href":"http:\/\/www.ecole-saintjoseph-mauleon.fr\/fr\/wp-json\/wp\/v2\/types\/post"}],"author":[{"embeddable":true,"href":"http:\/\/www.ecole-saintjoseph-mauleon.fr\/fr\/wp-json\/wp\/v2\/users\/5"}],"replies":[{"embeddable":true,"href":"http:\/\/www.ecole-saintjoseph-mauleon.fr\/fr\/wp-json\/wp\/v2\/comments?post=10748"}],"version-history":[{"count":1,"href":"http:\/\/www.ecole-saintjoseph-mauleon.fr\/fr\/wp-json\/wp\/v2\/posts\/10748\/revisions"}],"predecessor-version":[{"id":10751,"href":"http:\/\/www.ecole-saintjoseph-mauleon.fr\/fr\/wp-json\/wp\/v2\/posts\/10748\/revisions\/10751"}],"wp:featuredmedia":[{"embeddable":true,"href":"http:\/\/www.ecole-saintjoseph-mauleon.fr\/fr\/wp-json\/wp\/v2\/media\/10749"}],"wp:attachment":[{"href":"http:\/\/www.ecole-saintjoseph-mauleon.fr\/fr\/wp-json\/wp\/v2\/media?parent=10748"}],"wp:term":[{"taxonomy":"category","embeddable":true,"href":"http:\/\/www.ecole-saintjoseph-mauleon.fr\/fr\/wp-json\/wp\/v2\/categories?post=10748"},{"taxonomy":"post_tag","embeddable":true,"href":"http:\/\/www.ecole-saintjoseph-mauleon.fr\/fr\/wp-json\/wp\/v2\/tags?post=10748"}],"curies":[{"name":"wp","href":"https:\/\/api.w.org\/{rel}","templated":true}]}}